{"id":1993,"date":"2025-02-27T16:22:34","date_gmt":"2025-02-27T16:22:34","guid":{"rendered":"https:\/\/radiocomercial.cv\/?p=1993"},"modified":"2025-02-27T16:22:35","modified_gmt":"2025-02-27T16:22:35","slug":"festival-tematico-um-concelho-tres-ritmos-acontece-de-28-a-30-de-marco-em-santa-cruz","status":"publish","type":"post","link":"https:\/\/radiocomercial.cv\/?p=1993","title":{"rendered":"Festival tem\u00e1tico \u201cum concelho, tr\u00eas ritmos\u201d acontece de 28 a 30 de Mar\u00e7o em Santa Cruz"},"content":{"rendered":"\n<p><strong>A edi\u00e7\u00e3o de 2025 do festival tem\u00e1tico \u201c1 Concelho 3 Ritmos\u201d, que celebra os tr\u00eas ritmos tradicionais, batuku, funan\u00e1 e tabanka, em Santa Cruz (interior de Santiago), acontece nos dias 28, 29 e 30 de Mar\u00e7o.<\/strong><\/p>\n\n\n\n<p>Segundo informa\u00e7\u00f5es avan\u00e7adas pela C\u00e2mara Municipal de Santa Cruz, o evento que dedica um dia de batuco, homenageando Nha N\u00e1cia Gomi e as mulheres, um dia de funan\u00e1 homenageando Katx\u00e1s e Sema Lopi e um dia de tabanca, volta a ter como palco principal a Pra\u00e7a Katx\u00e1s, em Porto Acima.<\/p>\n\n\n\n<p>No entanto, o munic\u00edpio liderado por Carlos Silva n\u00e3o avan\u00e7ou nomes dos artistas e grupos que v\u00e3o actuar nos tr\u00eas dias do certame.<\/p>\n\n\n\n<p>O festival tem\u00e1tico, que tradicionalmente acontece ao ar livre, re\u00fane v\u00e1rios artistas e grupos musicais, com destaque para os locais, ligados a estes g\u00e9neros musicais, que s\u00e3o patrim\u00f3nios culturais imateriais de Cabo Verde.<\/p>\n\n\n\n<p>O mesmo \u00e9 realizado anualmente no final do m\u00eas de Mar\u00e7o, no \u00e2mbito das actividades do \u201cm\u00eas da Cultura da cidade de Pedra Badejo\u201d e ainda para comemorar a cria\u00e7\u00e3o do Munic\u00edpio de Santa Cruz, assinalado a 29 de Mar\u00e7o.<\/p>\n\n\n\n<p>As actividades iniciam-se no dia 01 de Mar\u00e7o e terminam a 31 do mesmo m\u00eas, e consta da programa\u00e7\u00e3o, de entre v\u00e1rias actividades, m\u00fasica, exposi\u00e7\u00f5es e literatura.<\/p>\n\n\n\n<p>Este ano, a edilidade incluiu ainda a rubrica \u201cSemana Nha N\u00e1cia Gomi\u201d (10 a 13 de Mar\u00e7o), no \u00e2mbito do seu centen\u00e1rio que vai ser comemorado de 14 a 18 de Julho pr\u00f3ximo, com uma s\u00e9rie de actividades culturais, visando homenagear a sua vida e obra, enaltecendo a sua contribui\u00e7\u00e3o para a cultura cabo-verdiana, avan\u00e7a \u00e0 Inforpress.<\/p>\n\n\n\n<p>Nha N\u00e1cia Gomi (Maria In\u00e1cia Gomes Correia) nasceu a 18 de Julho de 1925, na antiga Vila de Pedra Badejo, hoje cidade, no concelho de Santa Cruz, e faleceu a 03 de Fevereiro de 2011, aos 86 anos no Hospital Agostinho Neto, na cidade da Praia.<\/p>\n","protected":false},"excerpt":{"rendered":"<p>A edi\u00e7\u00e3o de 2025 do festival tem\u00e1tico \u201c1 Concelho 3 Ritmos\u201d, que celebra os tr\u00eas ritmos tradicionais, batuku, funan\u00e1 e tabanka, em Santa Cruz (interior de Santiago), acontece nos dias 28, 29 e 30 de Mar\u00e7o. Segundo informa\u00e7\u00f5es avan\u00e7adas pela C\u00e2mara Municipal de Santa Cruz, o evento que dedica um dia de batuco, homenageando Nha<br \/><a class=\"moretag\" href=\"https:\/\/radiocomercial.cv\/?p=1993\">+ Read More<\/a><\/p>\n","protected":false},"author":2,"featured_media":1994,"comment_status":"open","ping_status":"open","sticky":false,"template":"","format":"standard","meta":{"footnotes":""},"categories":[1],"tags":[],"class_list":["post-1993","post","type-post","status-publish","format-standard","has-post-thumbnail","hentry","category-uncategorized"],"featured_image_src":"https:\/\/radiocomercial.cv\/wp-content\/uploads\/2025\/02\/Festival_Santa_Cruz-2025.jpg","featured_image_src_square":"https:\/\/radiocomercial.cv\/wp-content\/uploads\/2025\/02\/Festival_Santa_Cruz-2025.jpg","author_info":{"display_name":"Radio Comercial","author_link":"https:\/\/radiocomercial.cv\/?author=2"},"rbea_author_info":{"display_name":"Radio Comercial","author_link":"https:\/\/radiocomercial.cv\/?author=2"},"rbea_excerpt_info":"A edi\u00e7\u00e3o de 2025 do festival tem\u00e1tico \u201c1 Concelho 3 Ritmos\u201d, que celebra os tr\u00eas ritmos tradicionais, batuku, funan\u00e1 e tabanka, em Santa Cruz (interior de Santiago), acontece nos dias 28, 29 e 30 de Mar\u00e7o. Segundo informa\u00e7\u00f5es avan\u00e7adas pela C\u00e2mara Municipal de Santa Cruz, o evento que dedica um dia de batuco, homenageando Nha<br><a class=\"moretag\" href=\"https:\/\/radiocomercial.cv\/?p=1993\">+ Read More<\/a>","category_list":"<a href=\"https:\/\/radiocomercial.cv\/?cat=1\" rel=\"category\">Uncategorized<\/a>","comments_num":"0 comments","_links":{"self":[{"href":"https:\/\/radiocomercial.cv\/index.php?rest_route=\/wp\/v2\/posts\/1993","targetHints":{"allow":["GET"]}}],"collection":[{"href":"https:\/\/radiocomercial.cv\/index.php?rest_route=\/wp\/v2\/posts"}],"about":[{"href":"https:\/\/radiocomercial.cv\/index.php?rest_route=\/wp\/v2\/types\/post"}],"author":[{"embeddable":true,"href":"https:\/\/radiocomercial.cv\/index.php?rest_route=\/wp\/v2\/users\/2"}],"replies":[{"embeddable":true,"href":"https:\/\/radiocomercial.cv\/index.php?rest_route=%2Fwp%2Fv2%2Fcomments&post=1993"}],"version-history":[{"count":1,"href":"https:\/\/radiocomercial.cv\/index.php?rest_route=\/wp\/v2\/posts\/1993\/revisions"}],"predecessor-version":[{"id":1995,"href":"https:\/\/radiocomercial.cv\/index.php?rest_route=\/wp\/v2\/posts\/1993\/revisions\/1995"}],"wp:featuredmedia":[{"embeddable":true,"href":"https:\/\/radiocomercial.cv\/index.php?rest_route=\/wp\/v2\/media\/1994"}],"wp:attachment":[{"href":"https:\/\/radiocomercial.cv\/index.php?rest_route=%2Fwp%2Fv2%2Fmedia&parent=1993"}],"wp:term":[{"taxonomy":"category","embeddable":true,"href":"https:\/\/radiocomercial.cv\/index.php?rest_route=%2Fwp%2Fv2%2Fcategories&post=1993"},{"taxonomy":"post_tag","embeddable":true,"href":"https:\/\/radiocomercial.cv\/index.php?rest_route=%2Fwp%2Fv2%2Ftags&post=1993"}],"curies":[{"name":"wp","href":"https:\/\/api.w.org\/{rel}","templated":true}]}}