{"id":2022,"date":"2025-03-18T18:23:15","date_gmt":"2025-03-18T18:23:15","guid":{"rendered":"https:\/\/radiocomercial.cv\/?p=2022"},"modified":"2025-03-18T18:23:16","modified_gmt":"2025-03-18T18:23:16","slug":"nomeados-da-14a-edicao-dos-cvma-apresentados-a-5-de-abril-em-lisboa","status":"publish","type":"post","link":"https:\/\/radiocomercial.cv\/?p=2022","title":{"rendered":"Nomeados da 14\u00aa edi\u00e7\u00e3o dos CVMA apresentados a 5 de Abril em Lisboa"},"content":{"rendered":"\n<p><strong>A apresenta\u00e7\u00e3o oficial dos nomeados da 14\u00aa edi\u00e7\u00e3o dos Cabo Verde Music Awards (CVMA) ser\u00e1 no dia 5 de Abril, em Lisboa (Portugal). Pelo segundo ano consecutivo, Lisboa acolhe o an\u00fancio oficial dos Nomeados para os CVMA 2025. A 14\u00aa Gala CVMA acontece dia 7 de Junho, em Cabo Verde e ir\u00e1 celebrar os 50 anos da Independ\u00eancia de Cabo Verde.<\/strong><\/p>\n\n\n\n<p>Numa nota enviada, a organiza\u00e7\u00e3o informa que a revela\u00e7\u00e3o dos artistas e produ\u00e7\u00f5es que concorrem \u00e0s diferentes categorias dos CVMA 2025 contar\u00e1 com a presen\u00e7a de figuras de destaque da ind\u00fastria musical, representantes da cultura cabo-verdiana, membros da Academia CVMA e comunica\u00e7\u00e3o social.<\/p>\n\n\n\n<p>Durante o evento, ser\u00e3o ainda partilhadas novidades sobre a gala deste ano, que acontece no dia 7 de Junho.<\/p>\n\n\n\n<p>A organiza\u00e7\u00e3o explica que a escolha de Lisboa para esta apresenta\u00e7\u00e3o reflecte a forte liga\u00e7\u00e3o da di\u00e1spora cabo-verdiana com a m\u00fasica e a cultura do pa\u00eds, destacando o papel da capital portuguesa como um dos principais p\u00f3los de difus\u00e3o das sonoridades cabo-verdianas no mundo.<\/p>\n\n\n\n<p>A selec\u00e7\u00e3o dos nomeados, conforme a mesma fonte, resulta de um longo e exigente processo de vota\u00e7\u00e3o da Academia CVMA, composta por mais de 30 elementos nacionais e estrangeiros com profundos conhecimentos da ind\u00fastria e da cria\u00e7\u00e3o musical.<\/p>\n\n\n\n<p>Da Academia CVMA fazem parte produtores, agentes, empres\u00e1rios, jornalistas, m\u00fasicos, especialistas em direitos de autor, DJs e animadores de r\u00e1dio.<\/p>\n\n\n\n<p>Este ano, a organiza\u00e7\u00e3o sublinha que atrav\u00e9s do parceiro tecnol\u00f3gico dos CVMA, o PAGALI, disponibilizou aos membros da Academia uma plataforma digital que permite registar os votos de todos os elementos e apresentar os resultados em tempo real, avan\u00e7a Expresso das ilhas.<\/p>\n\n\n\n<p>Este ano estar\u00e3o 19 categorias a concurso. &#8220;Das 17 do ano passado a Academia entendeu acrescentar duas novas categorias: Batuku do Ano e Kotxi P\u00f3 do Ano&#8221;.<\/p>\n\n\n\n<p>Recordamos que as categorias consideradas anualmente t\u00eam em conta o n\u00edvel de produ\u00e7\u00e3o e tamb\u00e9m os estilos musicais que v\u00e3o surgindo e se implementando no panorama cultural, tendo em conta o pr\u00f3prio dinamismo da cria\u00e7\u00e3o art\u00edstica.<\/p>\n\n\n\n<p>A apresenta\u00e7\u00e3o dos nomeados \u00e9 aberta ao p\u00fablico e resulta de uma parceria entre os Cabo Verde Music Awards e o Centro Cultural Cabo Verde, em Lisboa.<\/p>\n\n\n\n<p>Os Cabo Verde Music Awards s\u00e3o a premia\u00e7\u00e3o oficial da m\u00fasica cabo-verdiana,&nbsp;reconhecendo anualmente os talentos que se destacam no sector.<\/p>\n\n\n\n<p>Desde a sua cria\u00e7\u00e3o, em 2011, o evento tem promovido e enaltecido a m\u00fasica de Cabo Verde, servindo como plataforma de visibilidade e reconhecimento para artistas dentro e fora do pa\u00eds.<\/p>\n","protected":false},"excerpt":{"rendered":"<p>A apresenta\u00e7\u00e3o oficial dos nomeados da 14\u00aa edi\u00e7\u00e3o dos Cabo Verde Music Awards (CVMA) ser\u00e1 no dia 5 de Abril, em Lisboa (Portugal). Pelo segundo ano consecutivo, Lisboa acolhe o an\u00fancio oficial dos Nomeados para os CVMA 2025. A 14\u00aa Gala CVMA acontece dia 7 de Junho, em Cabo Verde e ir\u00e1 celebrar os 50<br \/><a class=\"moretag\" href=\"https:\/\/radiocomercial.cv\/?p=2022\">+ Read More<\/a><\/p>\n","protected":false},"author":2,"featured_media":2023,"comment_status":"open","ping_status":"open","sticky":false,"template":"","format":"standard","meta":{"footnotes":""},"categories":[6],"tags":[],"class_list":["post-2022","post","type-post","status-publish","format-standard","has-post-thumbnail","hentry","category-noticias"],"featured_image_src":"https:\/\/radiocomercial.cv\/wp-content\/uploads\/2025\/03\/CVMA-2025-apresentacao-de-nomeados-em-Lisboa.png","featured_image_src_square":"https:\/\/radiocomercial.cv\/wp-content\/uploads\/2025\/03\/CVMA-2025-apresentacao-de-nomeados-em-Lisboa.png","author_info":{"display_name":"Radio Comercial","author_link":"https:\/\/radiocomercial.cv\/?author=2"},"rbea_author_info":{"display_name":"Radio Comercial","author_link":"https:\/\/radiocomercial.cv\/?author=2"},"rbea_excerpt_info":"A apresenta\u00e7\u00e3o oficial dos nomeados da 14\u00aa edi\u00e7\u00e3o dos Cabo Verde Music Awards (CVMA) ser\u00e1 no dia 5 de Abril, em Lisboa (Portugal). Pelo segundo ano consecutivo, Lisboa acolhe o an\u00fancio oficial dos Nomeados para os CVMA 2025. A 14\u00aa Gala CVMA acontece dia 7 de Junho, em Cabo Verde e ir\u00e1 celebrar os 50<br><a class=\"moretag\" href=\"https:\/\/radiocomercial.cv\/?p=2022\">+ Read More<\/a>","category_list":"<a href=\"https:\/\/radiocomercial.cv\/?cat=6\" rel=\"category\">Noticias<\/a>","comments_num":"0 comments","_links":{"self":[{"href":"https:\/\/radiocomercial.cv\/index.php?rest_route=\/wp\/v2\/posts\/2022","targetHints":{"allow":["GET"]}}],"collection":[{"href":"https:\/\/radiocomercial.cv\/index.php?rest_route=\/wp\/v2\/posts"}],"about":[{"href":"https:\/\/radiocomercial.cv\/index.php?rest_route=\/wp\/v2\/types\/post"}],"author":[{"embeddable":true,"href":"https:\/\/radiocomercial.cv\/index.php?rest_route=\/wp\/v2\/users\/2"}],"replies":[{"embeddable":true,"href":"https:\/\/radiocomercial.cv\/index.php?rest_route=%2Fwp%2Fv2%2Fcomments&post=2022"}],"version-history":[{"count":1,"href":"https:\/\/radiocomercial.cv\/index.php?rest_route=\/wp\/v2\/posts\/2022\/revisions"}],"predecessor-version":[{"id":2024,"href":"https:\/\/radiocomercial.cv\/index.php?rest_route=\/wp\/v2\/posts\/2022\/revisions\/2024"}],"wp:featuredmedia":[{"embeddable":true,"href":"https:\/\/radiocomercial.cv\/index.php?rest_route=\/wp\/v2\/media\/2023"}],"wp:attachment":[{"href":"https:\/\/radiocomercial.cv\/index.php?rest_route=%2Fwp%2Fv2%2Fmedia&parent=2022"}],"wp:term":[{"taxonomy":"category","embeddable":true,"href":"https:\/\/radiocomercial.cv\/index.php?rest_route=%2Fwp%2Fv2%2Fcategories&post=2022"},{"taxonomy":"post_tag","embeddable":true,"href":"https:\/\/radiocomercial.cv\/index.php?rest_route=%2Fwp%2Fv2%2Ftags&post=2022"}],"curies":[{"name":"wp","href":"https:\/\/api.w.org\/{rel}","templated":true}]}}