{"id":2028,"date":"2025-03-19T18:55:11","date_gmt":"2025-03-19T18:55:11","guid":{"rendered":"https:\/\/radiocomercial.cv\/?p=2028"},"modified":"2025-03-19T18:55:12","modified_gmt":"2025-03-19T18:55:12","slug":"tudo-a-postos-para-grito-rock-2025-que-arranca-esta-quinta-feira-na-praia","status":"publish","type":"post","link":"https:\/\/radiocomercial.cv\/?p=2028","title":{"rendered":"Tudo a postos para Grito Rock 2025 que arranca esta quinta-feira na Praia"},"content":{"rendered":"\n<p><strong>A organiza\u00e7\u00e3o garante estar tudo a postos para o Grito Rock, cuja nona edi\u00e7\u00e3o acontece de 20 a 30 de Mar\u00e7o, na Praia, abra\u00e7ando a causa ambiental &#8220;Plante Uma \u00c1rvore&#8221;.<\/strong><\/p>\n\n\n\n<p>Em declara\u00e7\u00f5es hoje \u00e0 Inforpress o mentor do projecto, C\u00e9sar Freitas, revelou que j\u00e1 est\u00e1 tudo pronto para avan\u00e7ar com a programa\u00e7\u00e3o que tem seu ponto mais alto o grande Festival, no dia 29 de Mar\u00e7o, na Pracinha da Escola Grande.<\/p>\n\n\n\n<p>Cerca de cinco bandas v\u00e3o actuar este ano no Festival Grito Rock, sendo tr\u00eas de Cabo Verde (Vamar Martins Band, Junta Ra\u00edz e o projecto Anamica) e duas internacionais: de Portugal, a banda Revolution Within, e da \u00c1ustria, a dupla VOP.<\/p>\n\n\n\n<p>\u201cAs expectativas s\u00e3o altas e a organiza\u00e7\u00e3o espera uma forte ades\u00e3o do p\u00fablico. &#8220;Trabalhamos para que tudo corra bem&#8221;, avan\u00e7ou C\u00e9sar Freitas.<\/p>\n\n\n\n<p>No entanto, as actividades come\u00e7am a 20 de Mar\u00e7o com o Grito Cordas, um espect\u00e1culo ac\u00fastico no Centro Cultural Portugu\u00eas, pelas 19:00, em parceria com o Instituto Cam\u00f5es.<\/p>\n\n\n\n<p>Esta edi\u00e7\u00e3o destaca ainda o trabalho da Escola Pentagrama, onde crian\u00e7as v\u00e3o apresentar performances em instrumentos de cordas, como piano e guitarra.<\/p>\n\n\n\n<p>Ap\u00f3s o grande festival, haver\u00e1 um Jam Session na Quebra Canela, e no dia seguinte, 30 de Mar\u00e7o, est\u00e1 prevista uma visita guiada \u00e0 Cidade Velha, proporcionando uma experi\u00eancia cultural mais ampla aos participantes.<\/p>\n\n\n\n<p>Por acontecer no m\u00eas da mulher, o Grito Rock presta uma homenagem especial \u00e0 Terezinha Ara\u00fajo, cantora e activista cultural cabo-verdiana. Com uma carreira marcada pelo seu contributo \u00e0 m\u00fasica e \u00e0 cultura do pa\u00eds, Terezinha foi uma das vozes da R\u00e1dio Infantil no per\u00edodo da independ\u00eancia e \u00e9 co-fundadora do Grupo Simentera.<\/p>\n\n\n\n<p>O evento \u00e9 gratuito e conta com o apoio de diversos parceiros institucionais, nomeadamente, a C\u00e2mara Municipal da Praia, o Minist\u00e9rio da Cultura e das Ind\u00fastrias Criativas, o Centro Cultural Portugu\u00eas, entre outros.<\/p>\n\n\n\n<p>O Grito Rock 2025, que incentiva a cada fam\u00edlia cabo-verdiana a plantar uma \u00e1rvore em sua casa, conta com um or\u00e7amento de dois mil contos.<\/p>\n","protected":false},"excerpt":{"rendered":"<p>A organiza\u00e7\u00e3o garante estar tudo a postos para o Grito Rock, cuja nona edi\u00e7\u00e3o acontece de 20 a 30 de Mar\u00e7o, na Praia, abra\u00e7ando a causa ambiental &#8220;Plante Uma \u00c1rvore&#8221;. Em declara\u00e7\u00f5es hoje \u00e0 Inforpress o mentor do projecto, C\u00e9sar Freitas, revelou que j\u00e1 est\u00e1 tudo pronto para avan\u00e7ar com a programa\u00e7\u00e3o que tem seu<br \/><a class=\"moretag\" href=\"https:\/\/radiocomercial.cv\/?p=2028\">+ Read More<\/a><\/p>\n","protected":false},"author":2,"featured_media":2029,"comment_status":"open","ping_status":"open","sticky":false,"template":"","format":"standard","meta":{"footnotes":""},"categories":[6],"tags":[],"class_list":["post-2028","post","type-post","status-publish","format-standard","has-post-thumbnail","hentry","category-noticias"],"featured_image_src":"https:\/\/radiocomercial.cv\/wp-content\/uploads\/2025\/03\/Grito_Rock-2025.jpg","featured_image_src_square":"https:\/\/radiocomercial.cv\/wp-content\/uploads\/2025\/03\/Grito_Rock-2025.jpg","author_info":{"display_name":"Radio Comercial","author_link":"https:\/\/radiocomercial.cv\/?author=2"},"rbea_author_info":{"display_name":"Radio Comercial","author_link":"https:\/\/radiocomercial.cv\/?author=2"},"rbea_excerpt_info":"A organiza\u00e7\u00e3o garante estar tudo a postos para o Grito Rock, cuja nona edi\u00e7\u00e3o acontece de 20 a 30 de Mar\u00e7o, na Praia, abra\u00e7ando a causa ambiental &#8220;Plante Uma \u00c1rvore&#8221;. Em declara\u00e7\u00f5es hoje \u00e0 Inforpress o mentor do projecto, C\u00e9sar Freitas, revelou que j\u00e1 est\u00e1 tudo pronto para avan\u00e7ar com a programa\u00e7\u00e3o que tem seu<br><a class=\"moretag\" href=\"https:\/\/radiocomercial.cv\/?p=2028\">+ Read More<\/a>","category_list":"<a href=\"https:\/\/radiocomercial.cv\/?cat=6\" rel=\"category\">Noticias<\/a>","comments_num":"0 comments","_links":{"self":[{"href":"https:\/\/radiocomercial.cv\/index.php?rest_route=\/wp\/v2\/posts\/2028","targetHints":{"allow":["GET"]}}],"collection":[{"href":"https:\/\/radiocomercial.cv\/index.php?rest_route=\/wp\/v2\/posts"}],"about":[{"href":"https:\/\/radiocomercial.cv\/index.php?rest_route=\/wp\/v2\/types\/post"}],"author":[{"embeddable":true,"href":"https:\/\/radiocomercial.cv\/index.php?rest_route=\/wp\/v2\/users\/2"}],"replies":[{"embeddable":true,"href":"https:\/\/radiocomercial.cv\/index.php?rest_route=%2Fwp%2Fv2%2Fcomments&post=2028"}],"version-history":[{"count":1,"href":"https:\/\/radiocomercial.cv\/index.php?rest_route=\/wp\/v2\/posts\/2028\/revisions"}],"predecessor-version":[{"id":2030,"href":"https:\/\/radiocomercial.cv\/index.php?rest_route=\/wp\/v2\/posts\/2028\/revisions\/2030"}],"wp:featuredmedia":[{"embeddable":true,"href":"https:\/\/radiocomercial.cv\/index.php?rest_route=\/wp\/v2\/media\/2029"}],"wp:attachment":[{"href":"https:\/\/radiocomercial.cv\/index.php?rest_route=%2Fwp%2Fv2%2Fmedia&parent=2028"}],"wp:term":[{"taxonomy":"category","embeddable":true,"href":"https:\/\/radiocomercial.cv\/index.php?rest_route=%2Fwp%2Fv2%2Fcategories&post=2028"},{"taxonomy":"post_tag","embeddable":true,"href":"https:\/\/radiocomercial.cv\/index.php?rest_route=%2Fwp%2Fv2%2Ftags&post=2028"}],"curies":[{"name":"wp","href":"https:\/\/api.w.org\/{rel}","templated":true}]}}