{"id":2031,"date":"2025-03-21T13:07:32","date_gmt":"2025-03-21T13:07:32","guid":{"rendered":"https:\/\/radiocomercial.cv\/?p=2031"},"modified":"2025-03-21T13:07:33","modified_gmt":"2025-03-21T13:07:33","slug":"concerto-de-grito-cordas-com-casa-cheia-na-abertura-do-grito-rock-praia","status":"publish","type":"post","link":"https:\/\/radiocomercial.cv\/?p=2031","title":{"rendered":"Concerto de Grito Cordas com casa cheia na abertura do Grito Rock Praia"},"content":{"rendered":"\n<p>A 9\u00aa edi\u00e7\u00e3o do Grito Rock Praia arrancou esta quinta-feira, 20, com o concerto intimista de Grito Cordas, protagonizado pelos alunos da Escola de M\u00fasica Pentagrama. O concerto, que aconteceu no Centro Cultural Portugu\u00eas, foi recebido com casa cheia e proporcionou momentos m\u00e1gicos.<\/p>\n\n\n\n<p>O espect\u00e1culo marcou o in\u00edcio oficial da programa\u00e7\u00e3o do Grito Rock Praia, que durante uma semana, traz m\u00fasica, arte, cultura e partilha \u00e0 capital cabo-verdiana.<\/p>\n\n\n\n<p>O Grito Cordas foi um momento de celebra\u00e7\u00e3o da m\u00fasica feita com alma, onde os instrumentos de corda (guitarra e piano) ganharam protagonismo em interpreta\u00e7\u00f5es repletas de t\u00e9cnica, sentimento e express\u00e3o art\u00edstica dos alunos de Pentagrama.<\/p>\n\n\n\n<p>Com um repert\u00f3rio cuidadosamente preparado, o concerto levou o p\u00fablico numa viagem sonora sens\u00edvel e profunda, com jovens talentos da Escola Pentagrama, orientados pelo professor T\u00f3 Tavares, que foi homenageado pelo Grito Rock Praia no ano passado (2024),em reconhecimento ao trabalho que tem feito em prol da educa\u00e7\u00e3o musical.<\/p>\n\n\n\n<p>No final do evento, T\u00f3 Tavares mostrou-se satisfeito por levar o concerto da escola Pentagrama ao Grito Rock Praia e de ser recebido com casa cheia. \u201c\u00c9 com muita honra e satisfa\u00e7\u00e3o que abrimos o Grito Rock Praia deste ano. Foi um desafio da organiza\u00e7\u00e3o que aceitamos prontamente\u201d.<\/p>\n\n\n\n<p>O Grito Rock Praia 2025 vai\u00a0at\u00e9\u00a030 deste m\u00eas, com um leque de actividades, tendo o ponto alto, o festival de m\u00fasica alternativa que ter\u00e1 lugar no dia 29, \u00e0s 17H00, na Pracinha Escola Grande, no Plateau, avan\u00e7a Expresso das ilhas.<\/p>\n\n\n\n<p>O festival contar\u00e1 com actua\u00e7\u00f5es de cinco bandas: Djunta Raiz (Praia), Banda Vamar Martins (Mindelo), Anamika (Praia), Revolution Within (Portugal) e VxPxOxAxAxWxAxMxC (\u00c1ustria).<\/p>\n\n\n\n<p>Dia 29, ter\u00e1 lugar o Grito Jam, na Osteria Kebra Kanela, e, no dia 30, acontece o Grito Aberto, na Cidade Velha, um espa\u00e7o de interc\u00e2mbio cultural e musical, com visitas a este patrim\u00f3nio hist\u00f3rico.<\/p>\n\n\n\n<p>Esta edi\u00e7\u00e3o do Grito Rock Praia traz a campanha ambiental \u201cPlante uma \u00c1rvore\u201d e vai homenagear a cantora Teresinha Ara\u00fajo, uma das vozes do grupo Simentera.&nbsp;<\/p>\n","protected":false},"excerpt":{"rendered":"<p>A 9\u00aa edi\u00e7\u00e3o do Grito Rock Praia arrancou esta quinta-feira, 20, com o concerto intimista de Grito Cordas, protagonizado pelos alunos da Escola de M\u00fasica Pentagrama. O concerto, que aconteceu no Centro Cultural Portugu\u00eas, foi recebido com casa cheia e proporcionou momentos m\u00e1gicos. O espect\u00e1culo marcou o in\u00edcio oficial da programa\u00e7\u00e3o do Grito Rock Praia,<br \/><a class=\"moretag\" href=\"https:\/\/radiocomercial.cv\/?p=2031\">+ Read More<\/a><\/p>\n","protected":false},"author":2,"featured_media":2032,"comment_status":"open","ping_status":"open","sticky":false,"template":"","format":"standard","meta":{"footnotes":""},"categories":[6],"tags":[],"class_list":["post-2031","post","type-post","status-publish","format-standard","has-post-thumbnail","hentry","category-noticias"],"featured_image_src":"https:\/\/radiocomercial.cv\/wp-content\/uploads\/2025\/03\/Concerto-Grito-Cordas-2025.jpg","featured_image_src_square":"https:\/\/radiocomercial.cv\/wp-content\/uploads\/2025\/03\/Concerto-Grito-Cordas-2025.jpg","author_info":{"display_name":"Radio Comercial","author_link":"https:\/\/radiocomercial.cv\/?author=2"},"rbea_author_info":{"display_name":"Radio Comercial","author_link":"https:\/\/radiocomercial.cv\/?author=2"},"rbea_excerpt_info":"A 9\u00aa edi\u00e7\u00e3o do Grito Rock Praia arrancou esta quinta-feira, 20, com o concerto intimista de Grito Cordas, protagonizado pelos alunos da Escola de M\u00fasica Pentagrama. O concerto, que aconteceu no Centro Cultural Portugu\u00eas, foi recebido com casa cheia e proporcionou momentos m\u00e1gicos. O espect\u00e1culo marcou o in\u00edcio oficial da programa\u00e7\u00e3o do Grito Rock Praia,<br><a class=\"moretag\" href=\"https:\/\/radiocomercial.cv\/?p=2031\">+ Read More<\/a>","category_list":"<a href=\"https:\/\/radiocomercial.cv\/?cat=6\" rel=\"category\">Noticias<\/a>","comments_num":"0 comments","_links":{"self":[{"href":"https:\/\/radiocomercial.cv\/index.php?rest_route=\/wp\/v2\/posts\/2031","targetHints":{"allow":["GET"]}}],"collection":[{"href":"https:\/\/radiocomercial.cv\/index.php?rest_route=\/wp\/v2\/posts"}],"about":[{"href":"https:\/\/radiocomercial.cv\/index.php?rest_route=\/wp\/v2\/types\/post"}],"author":[{"embeddable":true,"href":"https:\/\/radiocomercial.cv\/index.php?rest_route=\/wp\/v2\/users\/2"}],"replies":[{"embeddable":true,"href":"https:\/\/radiocomercial.cv\/index.php?rest_route=%2Fwp%2Fv2%2Fcomments&post=2031"}],"version-history":[{"count":1,"href":"https:\/\/radiocomercial.cv\/index.php?rest_route=\/wp\/v2\/posts\/2031\/revisions"}],"predecessor-version":[{"id":2033,"href":"https:\/\/radiocomercial.cv\/index.php?rest_route=\/wp\/v2\/posts\/2031\/revisions\/2033"}],"wp:featuredmedia":[{"embeddable":true,"href":"https:\/\/radiocomercial.cv\/index.php?rest_route=\/wp\/v2\/media\/2032"}],"wp:attachment":[{"href":"https:\/\/radiocomercial.cv\/index.php?rest_route=%2Fwp%2Fv2%2Fmedia&parent=2031"}],"wp:term":[{"taxonomy":"category","embeddable":true,"href":"https:\/\/radiocomercial.cv\/index.php?rest_route=%2Fwp%2Fv2%2Fcategories&post=2031"},{"taxonomy":"post_tag","embeddable":true,"href":"https:\/\/radiocomercial.cv\/index.php?rest_route=%2Fwp%2Fv2%2Ftags&post=2031"}],"curies":[{"name":"wp","href":"https:\/\/api.w.org\/{rel}","templated":true}]}}