{"id":2034,"date":"2025-03-23T15:17:41","date_gmt":"2025-03-23T15:17:41","guid":{"rendered":"https:\/\/radiocomercial.cv\/?p=2034"},"modified":"2025-03-23T15:17:42","modified_gmt":"2025-03-23T15:17:42","slug":"zulu-lanca-o-seu-primeiro-single-cise-e-testemunha","status":"publish","type":"post","link":"https:\/\/radiocomercial.cv\/?p=2034","title":{"rendered":"Zulu lan\u00e7a o seu primeiro single &#8220;Cise \u00e9 Testemunha&#8221;"},"content":{"rendered":"\n<p><strong>A artista cabo-verdiana Zulu lan\u00e7ou nas plataformas digitais o seu primeiro single &#8220;Cise \u00e9 Testemunha&#8221;, uma homenagem \u00e0 Ces\u00e1ria \u00c9vora, reconhecida mundialmente como a maior embaixadora da m\u00fasica e cultura de Cabo Verde.<\/strong><\/p>\n\n\n\n<p>De acordo com a produtora Harmonia, mais do que um tributo, &#8220;Cise \u00e9 Testemunha&#8221;, que antecede ao lan\u00e7amento do primeiro EP&nbsp;&nbsp;da cantora, celebra a riqueza cultural cabo-verdiana, a diversidade do seu povo e a hist\u00f3ria da na\u00e7\u00e3o.&nbsp;<\/p>\n\n\n\n<p>&nbsp;\u201cA m\u00fasica nasce de uma fus\u00e3o \u00fanica entre elementos modernos do jazz e a liberdade musical dos instrumentistas, combinando-se harmoniosamente com ritmos tradicionais como o tabanka e o funan\u00e1. A can\u00e7\u00e3o destaca a beleza e diversidade do povo cabo-verdiano, trazendo \u00e0 tona a reflex\u00e3o sobre o respeito \u00e0s etnias e a import\u00e2ncia do bem comum entre os povos\u201d, refere a Harmonia.<\/p>\n\n\n\n<p>De acordo com o produtora, no &#8220;DNA cabo-verdiano convergem influ\u00eancias de v\u00e1rias origens, e este tema \u00e9 um chamado \u00e0 consci\u00eancia das ra\u00edzes gen\u00e9ticas e culturais deste povo\u201d.&nbsp;<\/p>\n\n\n\n<p>Conforme a mesma fonte nesta m\u00fasica, que representa a primeira composi\u00e7\u00e3o conjunta de Zulu com o m\u00fasico e produtor Hernani Almeida, ambos procuram estabelecer uma conex\u00e3o entre diferentes gera\u00e7\u00f5es, resgatando a ess\u00eancia do passado e transportando-a para o presente de forma inovadora em uma sonoridade \u00fanica.<\/p>\n\n\n\n<p>\u201cAl\u00e9m de sua interpreta\u00e7\u00e3o Zulu tamb\u00e9m assina a letra de Cise \u00e9 Testemunha cuja constru\u00e7\u00e3o foi orientada pela forma falada e enriquecida com harmonias idealizadas por Hernani Almeida\u201d, destacou ainda a mesma fonte, acrescentando que o processo criativo aconteceu nos momentos de est\u00fadio na Harmonia, em S\u00e3o Vicente, durante a fase inicial de defini\u00e7\u00e3o das dire\u00e7\u00f5es musicais do projecto.<\/p>\n","protected":false},"excerpt":{"rendered":"<p>A artista cabo-verdiana Zulu lan\u00e7ou nas plataformas digitais o seu primeiro single &#8220;Cise \u00e9 Testemunha&#8221;, uma homenagem \u00e0 Ces\u00e1ria \u00c9vora, reconhecida mundialmente como a maior embaixadora da m\u00fasica e cultura de Cabo Verde. De acordo com a produtora Harmonia, mais do que um tributo, &#8220;Cise \u00e9 Testemunha&#8221;, que antecede ao lan\u00e7amento do primeiro EP&nbsp;&nbsp;da cantora,<br \/><a class=\"moretag\" href=\"https:\/\/radiocomercial.cv\/?p=2034\">+ Read More<\/a><\/p>\n","protected":false},"author":2,"featured_media":2035,"comment_status":"open","ping_status":"open","sticky":false,"template":"","format":"standard","meta":{"footnotes":""},"categories":[6],"tags":[],"class_list":["post-2034","post","type-post","status-publish","format-standard","has-post-thumbnail","hentry","category-noticias"],"featured_image_src":"https:\/\/radiocomercial.cv\/wp-content\/uploads\/2025\/03\/Zulu-primeiro-single.jpg","featured_image_src_square":"https:\/\/radiocomercial.cv\/wp-content\/uploads\/2025\/03\/Zulu-primeiro-single.jpg","author_info":{"display_name":"Radio Comercial","author_link":"https:\/\/radiocomercial.cv\/?author=2"},"rbea_author_info":{"display_name":"Radio Comercial","author_link":"https:\/\/radiocomercial.cv\/?author=2"},"rbea_excerpt_info":"A artista cabo-verdiana Zulu lan\u00e7ou nas plataformas digitais o seu primeiro single &#8220;Cise \u00e9 Testemunha&#8221;, uma homenagem \u00e0 Ces\u00e1ria \u00c9vora, reconhecida mundialmente como a maior embaixadora da m\u00fasica e cultura de Cabo Verde. De acordo com a produtora Harmonia, mais do que um tributo, &#8220;Cise \u00e9 Testemunha&#8221;, que antecede ao lan\u00e7amento do primeiro EP&nbsp;&nbsp;da cantora,<br><a class=\"moretag\" href=\"https:\/\/radiocomercial.cv\/?p=2034\">+ Read More<\/a>","category_list":"<a href=\"https:\/\/radiocomercial.cv\/?cat=6\" rel=\"category\">Noticias<\/a>","comments_num":"0 comments","_links":{"self":[{"href":"https:\/\/radiocomercial.cv\/index.php?rest_route=\/wp\/v2\/posts\/2034","targetHints":{"allow":["GET"]}}],"collection":[{"href":"https:\/\/radiocomercial.cv\/index.php?rest_route=\/wp\/v2\/posts"}],"about":[{"href":"https:\/\/radiocomercial.cv\/index.php?rest_route=\/wp\/v2\/types\/post"}],"author":[{"embeddable":true,"href":"https:\/\/radiocomercial.cv\/index.php?rest_route=\/wp\/v2\/users\/2"}],"replies":[{"embeddable":true,"href":"https:\/\/radiocomercial.cv\/index.php?rest_route=%2Fwp%2Fv2%2Fcomments&post=2034"}],"version-history":[{"count":1,"href":"https:\/\/radiocomercial.cv\/index.php?rest_route=\/wp\/v2\/posts\/2034\/revisions"}],"predecessor-version":[{"id":2036,"href":"https:\/\/radiocomercial.cv\/index.php?rest_route=\/wp\/v2\/posts\/2034\/revisions\/2036"}],"wp:featuredmedia":[{"embeddable":true,"href":"https:\/\/radiocomercial.cv\/index.php?rest_route=\/wp\/v2\/media\/2035"}],"wp:attachment":[{"href":"https:\/\/radiocomercial.cv\/index.php?rest_route=%2Fwp%2Fv2%2Fmedia&parent=2034"}],"wp:term":[{"taxonomy":"category","embeddable":true,"href":"https:\/\/radiocomercial.cv\/index.php?rest_route=%2Fwp%2Fv2%2Fcategories&post=2034"},{"taxonomy":"post_tag","embeddable":true,"href":"https:\/\/radiocomercial.cv\/index.php?rest_route=%2Fwp%2Fv2%2Ftags&post=2034"}],"curies":[{"name":"wp","href":"https:\/\/api.w.org\/{rel}","templated":true}]}}