{"id":2037,"date":"2025-03-24T18:21:56","date_gmt":"2025-03-24T18:21:56","guid":{"rendered":"https:\/\/radiocomercial.cv\/?p=2037"},"modified":"2025-03-24T18:21:56","modified_gmt":"2025-03-24T18:21:56","slug":"roda-de-conversa-debate-avancos-e-desafios-das-mulheres-durante-os-50-anos-da-independencia-de-cabo-verde","status":"publish","type":"post","link":"https:\/\/radiocomercial.cv\/?p=2037","title":{"rendered":"Roda de conversa debate avan\u00e7os e desafios das mulheres durante os 50 anos da independ\u00eancia de Cabo Verde"},"content":{"rendered":"\n<p><strong>Mulheres de v\u00e1rias gera\u00e7\u00f5es dos munic\u00edpios da ilha de Santiago participaram hoje, em S\u00e3o Salvador do Mundo, numa roda de conversa para debater os avan\u00e7os e desafios das mesmas durante os 50 anos da independ\u00eancia de Cabo Verde.<\/strong><\/p>\n\n\n\n<p>A iniciativa, que reuniu cerca de 40 mulheres, faz parte de um leque de actividades que a Associa\u00e7\u00e3o Cabo-verdiana de Luta Contra Viol\u00eancia Baseada no G\u00e9nero (ACLCVBG) tem realizado junto das mulheres e da popula\u00e7\u00e3o em geral, no \u00e2mbito das comemora\u00e7\u00f5es de Mar\u00e7o, m\u00eas da mulher.<\/p>\n\n\n\n<p>Em declara\u00e7\u00f5es \u00e0 Inforpress, a presidente da ACLCVBG, Vicenta Fernandes, destacou a presen\u00e7a de mulheres que foram ex-governantes como Cristina Fontes Lima, Vera Duarte e Filomena Delgado, e ainda da actual ministra da Justi\u00e7a, Joana Rosa, que partilhou o seu percurso enquanto deputada nacional e governante.<\/p>\n\n\n\n<p>\u201cO objectivo da actividade \u00e9 a partilha de experi\u00eancias vividas por mulheres com o intuito de se conhecer a hist\u00f3ria do desenvolvimento de Cabo Verde no feminino, pois as mulheres precisam apoderar-se da pr\u00f3pria narrativa e contar as suas experi\u00eancias vividas e partilhar com as gera\u00e7\u00f5es mais jovens como modelo de inspira\u00e7\u00e3o\u201d, explicou.<\/p>\n\n\n\n<p>Vicenta Fernandes acrescentou ainda que a roda de conversa intergeracional visou ainda fazer uma compara\u00e7\u00e3o dos avan\u00e7os e desafios da mulher durante os 50 anos da independ\u00eancia de Cabo Verde.<\/p>\n\n\n\n<p>De entre os ganhos das mulheres, destacou a lei da viol\u00eancia baseada no g\u00e9nero (VBG), n\u00e3o obstante a sua funcionalista no que toca a justi\u00e7a, lei da paridade, presen\u00e7a de mulheres em \u00f3rg\u00e3os de decis\u00f5es, na pol\u00edtica, mulheres l\u00edderes das associa\u00e7\u00f5es comunit\u00e1rias e empresas publicas e privadas.<\/p>\n\n\n\n<p>N\u00e3o obstante, segundo a respons\u00e1vel, os ganhos serem \u201cincalcul\u00e1veis\u201d, ainda persistem alguns desafios, sobretudo a quest\u00e3o da VBG.<\/p>\n\n\n\n<p>Sobre a VBG, Vicenta Fernandes lembrou que a organiza\u00e7\u00e3o que lidera tem trabalhado na preven\u00e7\u00e3o e tem apoiado \u00e0s vitimas, sobretudo no que tange ao apoio jur\u00eddico, psicol\u00f3gico e social.<\/p>\n\n\n\n<p>Por outro lado, fez saber que esta associa\u00e7\u00e3o que completa 10 anos de cria\u00e7\u00e3o este ano, no \u00e2mbito da preven\u00e7\u00e3o da VBG implementou um projecto que j\u00e1 capacitou mulheres da cidade da Praia e Santa Cruz para trabalhar na preven\u00e7\u00e3o e combate \u00e0 VBG nas comunidades.<\/p>\n\n\n\n<p>Trata-se de um projecto de empoderamento jur\u00eddico de mulheres l\u00edderes comunit\u00e1rias e potenciais l\u00edderes, com o intuito de melhorar o exerc\u00edcio da cidadania, acesso \u00e0 justi\u00e7a e preven\u00e7\u00e3o de situa\u00e7\u00f5es de viol\u00eancia, com uma vig\u00eancia de tr\u00eas anos, que brevemente vai chegar a outros munic\u00edpios do pa\u00eds, segundo Vicenta Fernandes.<\/p>\n\n\n\n<p>O evento, que decorreu sob o lema o contributo das mulheres em 50 anos da Independ\u00eancia Nacional, os avan\u00e7os e os desafios, teve como palco um hotel em Achada Leit\u00e3o, contou com a presen\u00e7a do presidente da C\u00e2mara Municipal de S\u00e3o Salvador do Mundo, \u00c2ngelo Vaz.<\/p>\n","protected":false},"excerpt":{"rendered":"<p>Mulheres de v\u00e1rias gera\u00e7\u00f5es dos munic\u00edpios da ilha de Santiago participaram hoje, em S\u00e3o Salvador do Mundo, numa roda de conversa para debater os avan\u00e7os e desafios das mesmas durante os 50 anos da independ\u00eancia de Cabo Verde. A iniciativa, que reuniu cerca de 40 mulheres, faz parte de um leque de actividades que a<br \/><a class=\"moretag\" href=\"https:\/\/radiocomercial.cv\/?p=2037\">+ Read More<\/a><\/p>\n","protected":false},"author":2,"featured_media":2038,"comment_status":"open","ping_status":"open","sticky":false,"template":"","format":"standard","meta":{"footnotes":""},"categories":[6],"tags":[],"class_list":["post-2037","post","type-post","status-publish","format-standard","has-post-thumbnail","hentry","category-noticias"],"featured_image_src":"https:\/\/radiocomercial.cv\/wp-content\/uploads\/2025\/03\/Roda-conversa-ACLCVBG-2025.jpg","featured_image_src_square":"https:\/\/radiocomercial.cv\/wp-content\/uploads\/2025\/03\/Roda-conversa-ACLCVBG-2025.jpg","author_info":{"display_name":"Radio Comercial","author_link":"https:\/\/radiocomercial.cv\/?author=2"},"rbea_author_info":{"display_name":"Radio Comercial","author_link":"https:\/\/radiocomercial.cv\/?author=2"},"rbea_excerpt_info":"Mulheres de v\u00e1rias gera\u00e7\u00f5es dos munic\u00edpios da ilha de Santiago participaram hoje, em S\u00e3o Salvador do Mundo, numa roda de conversa para debater os avan\u00e7os e desafios das mesmas durante os 50 anos da independ\u00eancia de Cabo Verde. A iniciativa, que reuniu cerca de 40 mulheres, faz parte de um leque de actividades que a<br><a class=\"moretag\" href=\"https:\/\/radiocomercial.cv\/?p=2037\">+ Read More<\/a>","category_list":"<a href=\"https:\/\/radiocomercial.cv\/?cat=6\" rel=\"category\">Noticias<\/a>","comments_num":"0 comments","_links":{"self":[{"href":"https:\/\/radiocomercial.cv\/index.php?rest_route=\/wp\/v2\/posts\/2037","targetHints":{"allow":["GET"]}}],"collection":[{"href":"https:\/\/radiocomercial.cv\/index.php?rest_route=\/wp\/v2\/posts"}],"about":[{"href":"https:\/\/radiocomercial.cv\/index.php?rest_route=\/wp\/v2\/types\/post"}],"author":[{"embeddable":true,"href":"https:\/\/radiocomercial.cv\/index.php?rest_route=\/wp\/v2\/users\/2"}],"replies":[{"embeddable":true,"href":"https:\/\/radiocomercial.cv\/index.php?rest_route=%2Fwp%2Fv2%2Fcomments&post=2037"}],"version-history":[{"count":1,"href":"https:\/\/radiocomercial.cv\/index.php?rest_route=\/wp\/v2\/posts\/2037\/revisions"}],"predecessor-version":[{"id":2039,"href":"https:\/\/radiocomercial.cv\/index.php?rest_route=\/wp\/v2\/posts\/2037\/revisions\/2039"}],"wp:featuredmedia":[{"embeddable":true,"href":"https:\/\/radiocomercial.cv\/index.php?rest_route=\/wp\/v2\/media\/2038"}],"wp:attachment":[{"href":"https:\/\/radiocomercial.cv\/index.php?rest_route=%2Fwp%2Fv2%2Fmedia&parent=2037"}],"wp:term":[{"taxonomy":"category","embeddable":true,"href":"https:\/\/radiocomercial.cv\/index.php?rest_route=%2Fwp%2Fv2%2Fcategories&post=2037"},{"taxonomy":"post_tag","embeddable":true,"href":"https:\/\/radiocomercial.cv\/index.php?rest_route=%2Fwp%2Fv2%2Ftags&post=2037"}],"curies":[{"name":"wp","href":"https:\/\/api.w.org\/{rel}","templated":true}]}}