{"id":2040,"date":"2025-03-25T13:05:12","date_gmt":"2025-03-25T13:05:12","guid":{"rendered":"https:\/\/radiocomercial.cv\/?p=2040"},"modified":"2025-03-25T13:05:13","modified_gmt":"2025-03-25T13:05:13","slug":"album-de-50-anos-de-carreira-de-zeca-nha-reinalda-disponivel-nas-plataformas-digitais","status":"publish","type":"post","link":"https:\/\/radiocomercial.cv\/?p=2040","title":{"rendered":"\u00c1lbum de 50 anos de carreira de Zeca Nha Reinalda dispon\u00edvel nas plataformas digitais"},"content":{"rendered":"\n<p><strong>O cantor e compositor, Zeca de Nha Reinalda acaba de lan\u00e7ar, nas plataformas digitais, o \u00e1lbum de 50 anos de carreira, para permitir que um p\u00fablico tenha acesso a esta obra essencial da nossa cultura.<\/strong><\/p>\n\n\n\n<p>Segundo uma nota da produtora Insulada, ap\u00f3s o lan\u00e7amento f\u00edsico, cuja primeira edi\u00e7\u00e3o esgotou rapidamente, esta vers\u00e3o digital refor\u00e7a a import\u00e2ncia e o impacto de Zeca na m\u00fasica de Cabo Verde, levando o seu legado a novas gera\u00e7\u00f5es e a ouvintes espalhados pelo mundo.<\/p>\n\n\n\n<p>O \u00e1lbum \u201cZeca Nha Reinalda \u2013 50 anos de carreira\u201d re\u00fane composi\u00e7\u00f5es de nomes incontorn\u00e1veis como Cal\u00fa di Guida, M\u00e1rio L\u00facio e Dick Tavares, al\u00e9m de uma faixa assinada pelo pr\u00f3prio Zeca.<\/p>\n\n\n\n<p>Conforme sublinha, esta obra reafirma o estatuto de Zeca Nha Reinalda como patrim\u00f3nio vivo da cultura musical cabo-verdiana, \u201coferecendo-nos n\u00e3o apenas um repert\u00f3rio marcante, mas tamb\u00e9m uma voz que transmite a ess\u00eancia do arquip\u00e9lago, com a capacidade de nos transportar para a alma de Cabo Verde e mundo fora\u201d, acrescenta.<\/p>\n\n\n\n<p>\u201cJ\u00e1 homenageado e premiado ao longo dos anos, \u00b4Zeca Nha Reinalda \u2013 50 anos de carreira\u00b4 simboliza a generosidade art\u00edstica deste \u00edcone, que nos entrega a sua mais preciosa heran\u00e7a: a sua m\u00fasica&#8221;, real\u00e7a.<\/p>\n\n\n\n<p>A mesma fonte avisa que as celebra\u00e7\u00f5es n\u00e3o param por aqui, \u201cos 50 anos de carreira de Zeca continuar\u00e3o a ser assinalados ao longo do ano com diversas iniciativas que refor\u00e7am a sua import\u00e2ncia na identidade cultural do pa\u00eds&#8221;. Cabo Verde \u00e9 tamb\u00e9m Zeca. E agora, a sua m\u00fasica est\u00e1 dispon\u00edvel para o mundo inteiro ouvir e celebrar\u201d, avan\u00e7a Expresso das ilhas.<\/p>\n\n\n\n<p>Desde cedo ligado \u00e0 m\u00fasica, Zeca encontrou inspira\u00e7\u00e3o nos grandes nomes da m\u00fasica Soul, influ\u00eancia que moldou \u00e0 sua maneira \u00fanica de interpretar e sentir a arte.<\/p>\n\n\n\n<p>A sua trajet\u00f3ria come\u00e7ou no grupo Voz D&#8217;\u00c1frica e, mais tarde, destacou-se com a forma\u00e7\u00e3o Opus 7, onde a sua musicalidade come\u00e7ou a ganhar reconhecimento. Contudo, foi com o lend\u00e1rio grupo Bulimundo que Zeca consolidou a sua marca na hist\u00f3ria da m\u00fasica cabo-verdiana.<\/p>\n\n\n\n<p>Com a sua voz inconfund\u00edvel, tornou-se com os Bulimundo um dos principais respons\u00e1veis pela revolu\u00e7\u00e3o do Funan\u00e1, g\u00e9nero que expandiu fronteiras e colocou Cabo Verde no mapa musical internacional.<\/p>\n\n\n\n<p>Ap\u00f3s os Bulimundo, Zeca continuou a brilhar com o grupo Fina\u00e7on, onde, ao lado do irm\u00e3o Zez\u00e9 di Nha Reinalda, deu continuidade ao seu contributo para a valoriza\u00e7\u00e3o da identidade musical cabo-verdiana. Com o fim dos Fina\u00e7on, iniciou uma s\u00f3lida carreira a solo, explorando ainda mais a sua m\u00fasica e ainda a parceria com as gera\u00e7\u00f5es que lhe seguem.<\/p>\n","protected":false},"excerpt":{"rendered":"<p>O cantor e compositor, Zeca de Nha Reinalda acaba de lan\u00e7ar, nas plataformas digitais, o \u00e1lbum de 50 anos de carreira, para permitir que um p\u00fablico tenha acesso a esta obra essencial da nossa cultura. Segundo uma nota da produtora Insulada, ap\u00f3s o lan\u00e7amento f\u00edsico, cuja primeira edi\u00e7\u00e3o esgotou rapidamente, esta vers\u00e3o digital refor\u00e7a a<br \/><a class=\"moretag\" href=\"https:\/\/radiocomercial.cv\/?p=2040\">+ Read More<\/a><\/p>\n","protected":false},"author":2,"featured_media":2041,"comment_status":"open","ping_status":"open","sticky":false,"template":"","format":"standard","meta":{"footnotes":""},"categories":[6],"tags":[],"class_list":["post-2040","post","type-post","status-publish","format-standard","has-post-thumbnail","hentry","category-noticias"],"featured_image_src":"https:\/\/radiocomercial.cv\/wp-content\/uploads\/2025\/03\/Zeca-di-Nha-Reinalda-album-50-anos-de-carreira-disponivel-2025.jpg","featured_image_src_square":"https:\/\/radiocomercial.cv\/wp-content\/uploads\/2025\/03\/Zeca-di-Nha-Reinalda-album-50-anos-de-carreira-disponivel-2025.jpg","author_info":{"display_name":"Radio Comercial","author_link":"https:\/\/radiocomercial.cv\/?author=2"},"rbea_author_info":{"display_name":"Radio Comercial","author_link":"https:\/\/radiocomercial.cv\/?author=2"},"rbea_excerpt_info":"O cantor e compositor, Zeca de Nha Reinalda acaba de lan\u00e7ar, nas plataformas digitais, o \u00e1lbum de 50 anos de carreira, para permitir que um p\u00fablico tenha acesso a esta obra essencial da nossa cultura. Segundo uma nota da produtora Insulada, ap\u00f3s o lan\u00e7amento f\u00edsico, cuja primeira edi\u00e7\u00e3o esgotou rapidamente, esta vers\u00e3o digital refor\u00e7a a<br><a class=\"moretag\" href=\"https:\/\/radiocomercial.cv\/?p=2040\">+ Read More<\/a>","category_list":"<a href=\"https:\/\/radiocomercial.cv\/?cat=6\" rel=\"category\">Noticias<\/a>","comments_num":"0 comments","_links":{"self":[{"href":"https:\/\/radiocomercial.cv\/index.php?rest_route=\/wp\/v2\/posts\/2040","targetHints":{"allow":["GET"]}}],"collection":[{"href":"https:\/\/radiocomercial.cv\/index.php?rest_route=\/wp\/v2\/posts"}],"about":[{"href":"https:\/\/radiocomercial.cv\/index.php?rest_route=\/wp\/v2\/types\/post"}],"author":[{"embeddable":true,"href":"https:\/\/radiocomercial.cv\/index.php?rest_route=\/wp\/v2\/users\/2"}],"replies":[{"embeddable":true,"href":"https:\/\/radiocomercial.cv\/index.php?rest_route=%2Fwp%2Fv2%2Fcomments&post=2040"}],"version-history":[{"count":1,"href":"https:\/\/radiocomercial.cv\/index.php?rest_route=\/wp\/v2\/posts\/2040\/revisions"}],"predecessor-version":[{"id":2042,"href":"https:\/\/radiocomercial.cv\/index.php?rest_route=\/wp\/v2\/posts\/2040\/revisions\/2042"}],"wp:featuredmedia":[{"embeddable":true,"href":"https:\/\/radiocomercial.cv\/index.php?rest_route=\/wp\/v2\/media\/2041"}],"wp:attachment":[{"href":"https:\/\/radiocomercial.cv\/index.php?rest_route=%2Fwp%2Fv2%2Fmedia&parent=2040"}],"wp:term":[{"taxonomy":"category","embeddable":true,"href":"https:\/\/radiocomercial.cv\/index.php?rest_route=%2Fwp%2Fv2%2Fcategories&post=2040"},{"taxonomy":"post_tag","embeddable":true,"href":"https:\/\/radiocomercial.cv\/index.php?rest_route=%2Fwp%2Fv2%2Ftags&post=2040"}],"curies":[{"name":"wp","href":"https:\/\/api.w.org\/{rel}","templated":true}]}}