{"id":2043,"date":"2025-03-26T13:05:09","date_gmt":"2025-03-26T13:05:09","guid":{"rendered":"https:\/\/radiocomercial.cv\/?p=2043"},"modified":"2025-03-26T13:05:10","modified_gmt":"2025-03-26T13:05:10","slug":"associacao-de-cinema-e-audiovisual-de-cabo-verde-distingue-parceiros","status":"publish","type":"post","link":"https:\/\/radiocomercial.cv\/?p=2043","title":{"rendered":"Associa\u00e7\u00e3o de Cinema e Audiovisual de Cabo Verde distingue parceiros"},"content":{"rendered":"\n<p><strong>A Associa\u00e7\u00e3o de Cinema e Audiovisual de Cabo Verde (ACACV) anunciou esta ter\u00e7a-feira, 25, que est\u00e1 a desenvolver uma s\u00e9rie de actividades de distin\u00e7\u00e3o dos seus parceiros, no quadro dos 50 Anos da Independ\u00eancia de Cabo Verde e do XIII anivers\u00e1rio da associa\u00e7\u00e3o.<\/strong><\/p>\n\n\n\n<p>Segundo a ACACV, o grupo de teatro Juventude em Marcha foi o primeiro parceiro distinguido. A distin\u00e7\u00e3o ocorreu no s\u00e1bado passado, dia 22, durante o espect\u00e1culo realizado pelo grupo na cidade da Praia.<\/p>\n\n\n\n<p>A associa\u00e7\u00e3o informa que continuar\u00e1 com as distin\u00e7\u00f5es e, esta quinta-feira, 27, Dia Mundial do Teatro e da Mulher Cabo-verdiana, distinguir\u00e1 o grupo de teatro Fladu Fla e o artista Jo\u00e3o Pereira &#8220;Tikai&#8221;.<\/p>\n\n\n\n<p>A cerim\u00f3nia de distin\u00e7\u00e3o do grupo de teatro Fladu Fla ser\u00e1 no Pal\u00e1cio da Cultura Ildo Lobo, e a de Jo\u00e3o Pereira &#8220;Tikai&#8221; ter\u00e1 lugar no Centro Educativo Orlando Pantera, na cidade da Praia.<\/p>\n\n\n\n<p>Estas distin\u00e7\u00f5es, conforme explicado, foram decretadas na \u00faltima Assembleia Geral da ACACV, realizada no dia 4 de Janeiro deste ano<\/p>\n","protected":false},"excerpt":{"rendered":"<p>A Associa\u00e7\u00e3o de Cinema e Audiovisual de Cabo Verde (ACACV) anunciou esta ter\u00e7a-feira, 25, que est\u00e1 a desenvolver uma s\u00e9rie de actividades de distin\u00e7\u00e3o dos seus parceiros, no quadro dos 50 Anos da Independ\u00eancia de Cabo Verde e do XIII anivers\u00e1rio da associa\u00e7\u00e3o. Segundo a ACACV, o grupo de teatro Juventude em Marcha foi o<br \/><a class=\"moretag\" href=\"https:\/\/radiocomercial.cv\/?p=2043\">+ Read More<\/a><\/p>\n","protected":false},"author":2,"featured_media":2044,"comment_status":"open","ping_status":"open","sticky":false,"template":"","format":"standard","meta":{"footnotes":""},"categories":[6],"tags":[],"class_list":["post-2043","post","type-post","status-publish","format-standard","has-post-thumbnail","hentry","category-noticias"],"featured_image_src":"https:\/\/radiocomercial.cv\/wp-content\/uploads\/2025\/03\/ACACV-distingue-parceiros-2025.png","featured_image_src_square":"https:\/\/radiocomercial.cv\/wp-content\/uploads\/2025\/03\/ACACV-distingue-parceiros-2025.png","author_info":{"display_name":"Radio Comercial","author_link":"https:\/\/radiocomercial.cv\/?author=2"},"rbea_author_info":{"display_name":"Radio Comercial","author_link":"https:\/\/radiocomercial.cv\/?author=2"},"rbea_excerpt_info":"A Associa\u00e7\u00e3o de Cinema e Audiovisual de Cabo Verde (ACACV) anunciou esta ter\u00e7a-feira, 25, que est\u00e1 a desenvolver uma s\u00e9rie de actividades de distin\u00e7\u00e3o dos seus parceiros, no quadro dos 50 Anos da Independ\u00eancia de Cabo Verde e do XIII anivers\u00e1rio da associa\u00e7\u00e3o. Segundo a ACACV, o grupo de teatro Juventude em Marcha foi o<br><a class=\"moretag\" href=\"https:\/\/radiocomercial.cv\/?p=2043\">+ Read More<\/a>","category_list":"<a href=\"https:\/\/radiocomercial.cv\/?cat=6\" rel=\"category\">Noticias<\/a>","comments_num":"0 comments","_links":{"self":[{"href":"https:\/\/radiocomercial.cv\/index.php?rest_route=\/wp\/v2\/posts\/2043","targetHints":{"allow":["GET"]}}],"collection":[{"href":"https:\/\/radiocomercial.cv\/index.php?rest_route=\/wp\/v2\/posts"}],"about":[{"href":"https:\/\/radiocomercial.cv\/index.php?rest_route=\/wp\/v2\/types\/post"}],"author":[{"embeddable":true,"href":"https:\/\/radiocomercial.cv\/index.php?rest_route=\/wp\/v2\/users\/2"}],"replies":[{"embeddable":true,"href":"https:\/\/radiocomercial.cv\/index.php?rest_route=%2Fwp%2Fv2%2Fcomments&post=2043"}],"version-history":[{"count":1,"href":"https:\/\/radiocomercial.cv\/index.php?rest_route=\/wp\/v2\/posts\/2043\/revisions"}],"predecessor-version":[{"id":2045,"href":"https:\/\/radiocomercial.cv\/index.php?rest_route=\/wp\/v2\/posts\/2043\/revisions\/2045"}],"wp:featuredmedia":[{"embeddable":true,"href":"https:\/\/radiocomercial.cv\/index.php?rest_route=\/wp\/v2\/media\/2044"}],"wp:attachment":[{"href":"https:\/\/radiocomercial.cv\/index.php?rest_route=%2Fwp%2Fv2%2Fmedia&parent=2043"}],"wp:term":[{"taxonomy":"category","embeddable":true,"href":"https:\/\/radiocomercial.cv\/index.php?rest_route=%2Fwp%2Fv2%2Fcategories&post=2043"},{"taxonomy":"post_tag","embeddable":true,"href":"https:\/\/radiocomercial.cv\/index.php?rest_route=%2Fwp%2Fv2%2Ftags&post=2043"}],"curies":[{"name":"wp","href":"https:\/\/api.w.org\/{rel}","templated":true}]}}