{"id":2046,"date":"2025-03-27T16:38:47","date_gmt":"2025-03-27T16:38:47","guid":{"rendered":"https:\/\/radiocomercial.cv\/?p=2046"},"modified":"2025-03-27T16:38:48","modified_gmt":"2025-03-27T16:38:48","slug":"cruz-vermelha-congratula-se-com-resultados-da-campanha-de-rastreio-do-cancro-do-colo-do-utero","status":"publish","type":"post","link":"https:\/\/radiocomercial.cv\/?p=2046","title":{"rendered":"Cruz Vermelha congratula-se com resultados da campanha de rastreio do cancro do colo do \u00fatero"},"content":{"rendered":"\n<p><strong>A Cruz Vermelha de Cabo Verde congratulou-se hoje com os resultados da campanha de sensibiliza\u00e7\u00e3o e rastreio do cancro do colo do \u00fatero, beneficiando cerca de 80 mulheres, no \u00e2mbito da celebra\u00e7\u00e3o de Mar\u00e7o M\u00eas da Mulher.<\/strong><\/p>\n\n\n\n<p>Este sentimento foi manifestado \u00e0 imprensa pelo presidente da Cruz Vermelha, Arlindo Carvalho, durante o balan\u00e7o das actividades de Mar\u00e7o M\u00eas da Mulher, ressaltando que as ac\u00e7\u00f5es realizadas fortaleceram a vida das mulheres, ajudando-as a enfrentar desafios e a planejar solu\u00e7\u00f5es para seus problemas.<\/p>\n\n\n\n<p>Segundo a mesma fonte, a realiza\u00e7\u00e3o de rastreios para o cancro do colo do \u00fatero, promovida pela organiza\u00e7\u00e3o humanit\u00e1ria, superou a meta estabelecida, com cerca de 80 por cento (%) de participa\u00e7\u00e3o das mulheres no Munic\u00edpio da Praia.<\/p>\n\n\n\n<p>\u201c(\u2026) Ultrapassamos a meta, a demanda foi muito grande, at\u00e9 porque as condi\u00e7\u00f5es n\u00e3o permitiram ir mais al\u00e9m, mas conseguimos, para al\u00e9m dos 80%, fazer muito mais, e vamos continuar com esta experi\u00eancia que \u00e9 muito boa, n\u00e3o s\u00f3 em rela\u00e7\u00e3o \u00e0 mulher, mas tamb\u00e9m em rela\u00e7\u00e3o a outros males de que padecem a nossa sociedade\u201d, disse.<\/p>\n\n\n\n<p>Al\u00e9m das ac\u00e7\u00f5es de sa\u00fade, a Cruz Vermelha promoveu tamb\u00e9m sess\u00f5es de esclarecimento e forma\u00e7\u00f5es de curta dura\u00e7\u00e3o sobre temas relacionados \u00e0 condi\u00e7\u00e3o feminina, cujas iniciativas, segundo Arlindo de Carvalho, \u201cs\u00e3o essenciais\u201d para ajudar as mulheres a entenderem melhor os seus problemas e a projectarem \u201csolu\u00e7\u00f5es eficazes\u201d.&nbsp;<\/p>\n\n\n\n<p>Contou ainda, que em parceria com diversas institui\u00e7\u00f5es, foi realizado um curso focado no &#8220;empoderamento feminino&#8221; por meio da integra\u00e7\u00e3o produtiva, onde 21 participantes, entre mulheres de diferentes comunidades e volunt\u00e1rios da CVCV, receberam os seus certificados, devendo apresentar projectos \u00e0s institui\u00e7\u00f5es financeiras em busca de apoio e financiamento, avan\u00e7a \u00e0 Inforpress.<\/p>\n\n\n\n<p>A Cruz Vermelha expandiu as suas actividades para outras ilhas, para que o m\u00eas da mulher fosse celebrado de maneira \u201ccondigna\u201d em todo o arquip\u00e9lago.<\/p>\n\n\n\n<p>&#8220;Para n\u00f3s, o empoderamento da mulher vai al\u00e9m de gestos simb\u00f3licos como flores e carinho, agir de forma concreta, dando \u00e0s mulheres ferramentas e criando oportunidades, \u00e9 o que realmente faz a diferen\u00e7a\u201d, concluiu Arlindo Carvalho.<\/p>\n\n\n\n<p>O cancro do colo do \u00fatero \u00e9 a principal causa de morte entre as mulheres em Cabo Verde. Em 2015, o cancro do \u00fatero representava 20% das mortes por neoplasias ginecol\u00f3gicas no pa\u00eds.&nbsp;<\/p>\n\n\n\n<p>Segundo um relat\u00f3rio de 2023 do ICO\/IARC (Centro de Informa\u00e7\u00e3o para o HPV e Cancro) este \u00e9 o terceiro tipo de cancro mais frequente e o mais comum entre mulheres de 15 a 44 anos.<\/p>\n","protected":false},"excerpt":{"rendered":"<p>A Cruz Vermelha de Cabo Verde congratulou-se hoje com os resultados da campanha de sensibiliza\u00e7\u00e3o e rastreio do cancro do colo do \u00fatero, beneficiando cerca de 80 mulheres, no \u00e2mbito da celebra\u00e7\u00e3o de Mar\u00e7o M\u00eas da Mulher. Este sentimento foi manifestado \u00e0 imprensa pelo presidente da Cruz Vermelha, Arlindo Carvalho, durante o balan\u00e7o das actividades<br \/><a class=\"moretag\" href=\"https:\/\/radiocomercial.cv\/?p=2046\">+ Read More<\/a><\/p>\n","protected":false},"author":2,"featured_media":2047,"comment_status":"open","ping_status":"open","sticky":false,"template":"","format":"standard","meta":{"footnotes":""},"categories":[6],"tags":[],"class_list":["post-2046","post","type-post","status-publish","format-standard","has-post-thumbnail","hentry","category-noticias"],"featured_image_src":"https:\/\/radiocomercial.cv\/wp-content\/uploads\/2025\/03\/Encerramento_Atividade_Cruz_Vermelha-2025.jpg","featured_image_src_square":"https:\/\/radiocomercial.cv\/wp-content\/uploads\/2025\/03\/Encerramento_Atividade_Cruz_Vermelha-2025.jpg","author_info":{"display_name":"Radio Comercial","author_link":"https:\/\/radiocomercial.cv\/?author=2"},"rbea_author_info":{"display_name":"Radio Comercial","author_link":"https:\/\/radiocomercial.cv\/?author=2"},"rbea_excerpt_info":"A Cruz Vermelha de Cabo Verde congratulou-se hoje com os resultados da campanha de sensibiliza\u00e7\u00e3o e rastreio do cancro do colo do \u00fatero, beneficiando cerca de 80 mulheres, no \u00e2mbito da celebra\u00e7\u00e3o de Mar\u00e7o M\u00eas da Mulher. Este sentimento foi manifestado \u00e0 imprensa pelo presidente da Cruz Vermelha, Arlindo Carvalho, durante o balan\u00e7o das actividades<br><a class=\"moretag\" href=\"https:\/\/radiocomercial.cv\/?p=2046\">+ Read More<\/a>","category_list":"<a href=\"https:\/\/radiocomercial.cv\/?cat=6\" rel=\"category\">Noticias<\/a>","comments_num":"0 comments","_links":{"self":[{"href":"https:\/\/radiocomercial.cv\/index.php?rest_route=\/wp\/v2\/posts\/2046","targetHints":{"allow":["GET"]}}],"collection":[{"href":"https:\/\/radiocomercial.cv\/index.php?rest_route=\/wp\/v2\/posts"}],"about":[{"href":"https:\/\/radiocomercial.cv\/index.php?rest_route=\/wp\/v2\/types\/post"}],"author":[{"embeddable":true,"href":"https:\/\/radiocomercial.cv\/index.php?rest_route=\/wp\/v2\/users\/2"}],"replies":[{"embeddable":true,"href":"https:\/\/radiocomercial.cv\/index.php?rest_route=%2Fwp%2Fv2%2Fcomments&post=2046"}],"version-history":[{"count":1,"href":"https:\/\/radiocomercial.cv\/index.php?rest_route=\/wp\/v2\/posts\/2046\/revisions"}],"predecessor-version":[{"id":2048,"href":"https:\/\/radiocomercial.cv\/index.php?rest_route=\/wp\/v2\/posts\/2046\/revisions\/2048"}],"wp:featuredmedia":[{"embeddable":true,"href":"https:\/\/radiocomercial.cv\/index.php?rest_route=\/wp\/v2\/media\/2047"}],"wp:attachment":[{"href":"https:\/\/radiocomercial.cv\/index.php?rest_route=%2Fwp%2Fv2%2Fmedia&parent=2046"}],"wp:term":[{"taxonomy":"category","embeddable":true,"href":"https:\/\/radiocomercial.cv\/index.php?rest_route=%2Fwp%2Fv2%2Fcategories&post=2046"},{"taxonomy":"post_tag","embeddable":true,"href":"https:\/\/radiocomercial.cv\/index.php?rest_route=%2Fwp%2Fv2%2Ftags&post=2046"}],"curies":[{"name":"wp","href":"https:\/\/api.w.org\/{rel}","templated":true}]}}