{"id":2053,"date":"2025-03-31T18:40:46","date_gmt":"2025-03-31T18:40:46","guid":{"rendered":"https:\/\/radiocomercial.cv\/?p=2053"},"modified":"2025-03-31T18:40:47","modified_gmt":"2025-03-31T18:40:47","slug":"tarrafal-recebe-7-a-edicao-do-projecto-todo-mundo-canta-em-homenagem-aos-50-anos-da-independencia-de-cabo-verde","status":"publish","type":"post","link":"https:\/\/radiocomercial.cv\/?p=2053","title":{"rendered":"Tarrafal recebe 7.\u00aa edi\u00e7\u00e3o do projecto \u201cTodo Mundo Canta\u201d em homenagem aos 50 anos da independ\u00eancia de Cabo Verde"},"content":{"rendered":"\n<p><strong>O munic\u00edpio do Tarrafal, de Santiago ser\u00e1 palco da s\u00e9tima edi\u00e7\u00e3o do projecto &#8220;Todo Mundo Canta&#8221; (TMC), entre os dias 24 e 26 de Abril, e que este ano homenageia os 50 anos da independ\u00eancia de Cabo Verde.<\/strong><\/p>\n\n\n\n<p>Em declara\u00e7\u00f5es \u00e0 Inforpress, Eurico \u00c9vora, mentor do projecto, destacou que o objectivo \u00e9 realizar edi\u00e7\u00f5es em todas as ilhas do arquip\u00e9lago, enfatizando que o TMC \u00e9 uma iniciativa que pertence aos cabo-verdianos.<\/p>\n\n\n\n<p>A programa\u00e7\u00e3o, segundo o mentor, inclui uma confer\u00eancia sobre a morna, agendada para o dia 24 de Abril, que ser\u00e1 conduzida pelo soci\u00f3logo e investigador C\u00e9sar Monteiro e pelo historiador Carlos Santos, sob a modera\u00e7\u00e3o do soci\u00f3logo Nardi Sousa.<\/p>\n\n\n\n<p>Essa confer\u00eancia, conforme explicou, visa refor\u00e7ar o compromisso do projecto com a preserva\u00e7\u00e3o da m\u00fasica tradicional de Cabo Verde, especialmente a morna, da\u00ed a inclus\u00e3o da educa\u00e7\u00e3o musical nas actividades.<\/p>\n\n\n\n<p>Segundo a mesma fonte, os candidatos que v\u00e3o participar do concurso j\u00e1 foram seleccionados, e, numa edi\u00e7\u00e3o especial, a organiza\u00e7\u00e3o fez uma repescagem dos artistas que j\u00e1 se apresentaram em edi\u00e7\u00f5es anteriores do TMC Nacional.<\/p>\n\n\n\n<p>Na p\u00e1gina oficial do TMC j\u00e1 foram apresentados alguns concorrentes, entre eles Dariana Gon\u00e7alves da ilha Brava, Bruno Marcos da ilha do Fogo, Leidina Lopes de Santiago, Nireida Lopes do Maio, Iolanda Brito da Boa Vista e Carolyne Tomar do Sal e o director musical ser\u00e1 Manuel dos Santos Fernandes Pereira, conhecido como Manel di Candinho.<\/p>\n\n\n\n<p>A 7.\u00aa edi\u00e7\u00e3o do &#8220;Todo Mundo Canta&#8221;, segundo o mentor, promete ser um grande evento cultural, reunindo talentos locais e nacionais em uma celebra\u00e7\u00e3o da m\u00fasica tradicional cabo-verdiana.<\/p>\n","protected":false},"excerpt":{"rendered":"<p>O munic\u00edpio do Tarrafal, de Santiago ser\u00e1 palco da s\u00e9tima edi\u00e7\u00e3o do projecto &#8220;Todo Mundo Canta&#8221; (TMC), entre os dias 24 e 26 de Abril, e que este ano homenageia os 50 anos da independ\u00eancia de Cabo Verde. Em declara\u00e7\u00f5es \u00e0 Inforpress, Eurico \u00c9vora, mentor do projecto, destacou que o objectivo \u00e9 realizar edi\u00e7\u00f5es em<br \/><a class=\"moretag\" href=\"https:\/\/radiocomercial.cv\/?p=2053\">+ Read More<\/a><\/p>\n","protected":false},"author":2,"featured_media":2054,"comment_status":"open","ping_status":"open","sticky":false,"template":"","format":"standard","meta":{"footnotes":""},"categories":[6],"tags":[],"class_list":["post-2053","post","type-post","status-publish","format-standard","has-post-thumbnail","hentry","category-noticias"],"featured_image_src":"https:\/\/radiocomercial.cv\/wp-content\/uploads\/2025\/03\/Cartaz_TMC-2025.jpg","featured_image_src_square":"https:\/\/radiocomercial.cv\/wp-content\/uploads\/2025\/03\/Cartaz_TMC-2025.jpg","author_info":{"display_name":"Radio Comercial","author_link":"https:\/\/radiocomercial.cv\/?author=2"},"rbea_author_info":{"display_name":"Radio Comercial","author_link":"https:\/\/radiocomercial.cv\/?author=2"},"rbea_excerpt_info":"O munic\u00edpio do Tarrafal, de Santiago ser\u00e1 palco da s\u00e9tima edi\u00e7\u00e3o do projecto &#8220;Todo Mundo Canta&#8221; (TMC), entre os dias 24 e 26 de Abril, e que este ano homenageia os 50 anos da independ\u00eancia de Cabo Verde. Em declara\u00e7\u00f5es \u00e0 Inforpress, Eurico \u00c9vora, mentor do projecto, destacou que o objectivo \u00e9 realizar edi\u00e7\u00f5es em<br><a class=\"moretag\" href=\"https:\/\/radiocomercial.cv\/?p=2053\">+ Read More<\/a>","category_list":"<a href=\"https:\/\/radiocomercial.cv\/?cat=6\" rel=\"category\">Noticias<\/a>","comments_num":"0 comments","_links":{"self":[{"href":"https:\/\/radiocomercial.cv\/index.php?rest_route=\/wp\/v2\/posts\/2053","targetHints":{"allow":["GET"]}}],"collection":[{"href":"https:\/\/radiocomercial.cv\/index.php?rest_route=\/wp\/v2\/posts"}],"about":[{"href":"https:\/\/radiocomercial.cv\/index.php?rest_route=\/wp\/v2\/types\/post"}],"author":[{"embeddable":true,"href":"https:\/\/radiocomercial.cv\/index.php?rest_route=\/wp\/v2\/users\/2"}],"replies":[{"embeddable":true,"href":"https:\/\/radiocomercial.cv\/index.php?rest_route=%2Fwp%2Fv2%2Fcomments&post=2053"}],"version-history":[{"count":1,"href":"https:\/\/radiocomercial.cv\/index.php?rest_route=\/wp\/v2\/posts\/2053\/revisions"}],"predecessor-version":[{"id":2055,"href":"https:\/\/radiocomercial.cv\/index.php?rest_route=\/wp\/v2\/posts\/2053\/revisions\/2055"}],"wp:featuredmedia":[{"embeddable":true,"href":"https:\/\/radiocomercial.cv\/index.php?rest_route=\/wp\/v2\/media\/2054"}],"wp:attachment":[{"href":"https:\/\/radiocomercial.cv\/index.php?rest_route=%2Fwp%2Fv2%2Fmedia&parent=2053"}],"wp:term":[{"taxonomy":"category","embeddable":true,"href":"https:\/\/radiocomercial.cv\/index.php?rest_route=%2Fwp%2Fv2%2Fcategories&post=2053"},{"taxonomy":"post_tag","embeddable":true,"href":"https:\/\/radiocomercial.cv\/index.php?rest_route=%2Fwp%2Fv2%2Ftags&post=2053"}],"curies":[{"name":"wp","href":"https:\/\/api.w.org\/{rel}","templated":true}]}}