{"id":2056,"date":"2025-04-01T16:24:35","date_gmt":"2025-04-01T16:24:35","guid":{"rendered":"https:\/\/radiocomercial.cv\/?p=2056"},"modified":"2025-04-01T16:24:36","modified_gmt":"2025-04-01T16:24:36","slug":"elida-almeida-leva-ritmos-de-cabo-verde-ao-tiny-desk","status":"publish","type":"post","link":"https:\/\/radiocomercial.cv\/?p=2056","title":{"rendered":"\u00c9lida Almeida leva ritmos de Cabo Verde ao Tiny Desk"},"content":{"rendered":"\n<p><strong>A cantora cabo-verdiana Elida Almeida foi destaque, esta segunda-feira, com uma actua\u00e7\u00e3o no Tiny Desk, na sua vers\u00e3o &#8220;Tiny Desk Meets globalFEST, um programa de apresenta\u00e7\u00f5es ac\u00fasticas ao vivo da r\u00e1dio NPR Music, nos Estados Unidos.<\/strong><\/p>\n\n\n\n<p>Conforme a National Public Radio (NPR Music), a actua\u00e7\u00e3o de Elida Almeida foi gravada em Janeiro e disponibilizada nas plataformas digitais da NPR Music e permitiu que audi\u00eancias de todo o mundo apreciassem a performance dessa artista cabo-verdiana que esteve acompanhada de Kalu Ferreira (piano), Cau Paris (bateria), Jery Bidan (guitarra) e Mayo (baixo).<\/p>\n\n\n\n<p>\u201cQuando filmamos este show no in\u00edcio de Janeiro, estava quase congelando l\u00e1 fora, mas no momento em que Elida Almeida pisou atr\u00e1s do Tiny Desk, sua voz poderosa, as hist\u00f3rias v\u00edvidas de sua terra natal, Cabo Verde, e os ritmos irresist\u00edveis de sua banda, rapidamente, nos aqueceram&#8230; e nos fizeram mover\u201d, referiu a NPR Music.<\/p>\n\n\n\n<p>Ritmos como o funan\u00e1 e a coladeira foram destaques na actua\u00e7\u00e3o de Elida Almeida que escolheu temas como \u201cDjam Odja\u201d, \u201cMudjei&#8221; &#8220;Dipalbesa&#8221; &#8220;Funana&#8221; &#8220;Bersu d&#8217;Oru&#8221; para o repert\u00f3rio.<\/p>\n\n\n\n<p>\u201cVestida com um impressionante vestido de cetim verde-lim\u00e3o, Almeida abriu o show com um medley de duas m\u00fasicas de &#8220;Djam Odja&#8221; e &#8220;Mudjei&#8221;.<\/p>\n\n\n\n<p>As teclas assumem o centro do palco, a bateria e a guitarra base conduzem o pulso, enquanto ela canta sobre a sua jornada deixando a terra natal, Santiago\u201d, destacou a mesma fonte.<\/p>\n\n\n\n<p>A cantora fechou o show com um dos seus maiores sucessos &#8220;Bersu d&#8217;Oru, uma m\u00fasica electrizante que deixou todos de p\u00e9\u201d, destacou ainda a mesma fonte, para quem \u00c9lida Almeida \u201ccarrega o cora\u00e7\u00e3o de Cabo Verde para o mundo, unindo culturas atrav\u00e9s da sua m\u00fasica\u201d, avan\u00e7a \u00e0 Inforpress.<\/p>\n\n\n\n<p>Nascida em 1993 na ilha de Santiago, Cabo Verde, Elida Almeida trilhou o seu caminho na m\u00fasica entre v\u00e1rias dificuldades e hoje \u00e9 uma das artistas mais populares da nova gera\u00e7\u00e3o de m\u00fasicos cabo-verdianos.<\/p>\n\n\n\n<p>O seu talento foi reconhecido em 2014, quando foi descoberta por Jos\u00e9 da Silva, produtor associado a Ces\u00e1ria \u00c9vora. Este encontro resultou no seu \u00e1lbum de estreia, &#8220;Ora doci, Ora margos&#8221;, lan\u00e7ado no final desse mesmo ano.<\/p>\n\n\n\n<p>Desde ent\u00e3o, Elida lan\u00e7ou v\u00e1rios trabalhos, incluindo &#8220;Kebrada&#8221; (2017), &#8220;Gerasonobu&#8221; (2020) e &#8220;Di Lonji&#8221; (2023), explorando e reinventando g\u00e9neros tradicionais cabo-verdianos como batuque, funan\u00e1, coladeira e tabanka.<\/p>\n\n\n\n<p>O Tiny Desk Concert \u00e9 uma s\u00e9rie de concertos ao vivo organizada pela NPR Music , dos Estados Unidos e destaca-se por levar artistas de diferentes g\u00e9neros musicais a actuarem num ambiente \u00edntimo e informal \u2014 literalmente no escrit\u00f3rio (&#8220;desk&#8221;) de Bob Boilen, um dos produtores da NPR e criador da s\u00e9rie.<\/p>\n\n\n\n<p>Esta edi\u00e7\u00e3o do Tiny Desk \u00e9 realizada em parceria com o festival e plataforma que promove m\u00fasica global, o globalFEST.<\/p>\n","protected":false},"excerpt":{"rendered":"<p>A cantora cabo-verdiana Elida Almeida foi destaque, esta segunda-feira, com uma actua\u00e7\u00e3o no Tiny Desk, na sua vers\u00e3o &#8220;Tiny Desk Meets globalFEST, um programa de apresenta\u00e7\u00f5es ac\u00fasticas ao vivo da r\u00e1dio NPR Music, nos Estados Unidos. Conforme a National Public Radio (NPR Music), a actua\u00e7\u00e3o de Elida Almeida foi gravada em Janeiro e disponibilizada nas<br \/><a class=\"moretag\" href=\"https:\/\/radiocomercial.cv\/?p=2056\">+ Read More<\/a><\/p>\n","protected":false},"author":2,"featured_media":2057,"comment_status":"open","ping_status":"open","sticky":false,"template":"","format":"standard","meta":{"footnotes":""},"categories":[6],"tags":[],"class_list":["post-2056","post","type-post","status-publish","format-standard","has-post-thumbnail","hentry","category-noticias"],"featured_image_src":"https:\/\/radiocomercial.cv\/wp-content\/uploads\/2025\/04\/Elida-Almeida-Tiny-Desk-2025.jpg","featured_image_src_square":"https:\/\/radiocomercial.cv\/wp-content\/uploads\/2025\/04\/Elida-Almeida-Tiny-Desk-2025.jpg","author_info":{"display_name":"Radio Comercial","author_link":"https:\/\/radiocomercial.cv\/?author=2"},"rbea_author_info":{"display_name":"Radio Comercial","author_link":"https:\/\/radiocomercial.cv\/?author=2"},"rbea_excerpt_info":"A cantora cabo-verdiana Elida Almeida foi destaque, esta segunda-feira, com uma actua\u00e7\u00e3o no Tiny Desk, na sua vers\u00e3o &#8220;Tiny Desk Meets globalFEST, um programa de apresenta\u00e7\u00f5es ac\u00fasticas ao vivo da r\u00e1dio NPR Music, nos Estados Unidos. Conforme a National Public Radio (NPR Music), a actua\u00e7\u00e3o de Elida Almeida foi gravada em Janeiro e disponibilizada nas<br><a class=\"moretag\" href=\"https:\/\/radiocomercial.cv\/?p=2056\">+ Read More<\/a>","category_list":"<a href=\"https:\/\/radiocomercial.cv\/?cat=6\" rel=\"category\">Noticias<\/a>","comments_num":"0 comments","_links":{"self":[{"href":"https:\/\/radiocomercial.cv\/index.php?rest_route=\/wp\/v2\/posts\/2056","targetHints":{"allow":["GET"]}}],"collection":[{"href":"https:\/\/radiocomercial.cv\/index.php?rest_route=\/wp\/v2\/posts"}],"about":[{"href":"https:\/\/radiocomercial.cv\/index.php?rest_route=\/wp\/v2\/types\/post"}],"author":[{"embeddable":true,"href":"https:\/\/radiocomercial.cv\/index.php?rest_route=\/wp\/v2\/users\/2"}],"replies":[{"embeddable":true,"href":"https:\/\/radiocomercial.cv\/index.php?rest_route=%2Fwp%2Fv2%2Fcomments&post=2056"}],"version-history":[{"count":1,"href":"https:\/\/radiocomercial.cv\/index.php?rest_route=\/wp\/v2\/posts\/2056\/revisions"}],"predecessor-version":[{"id":2058,"href":"https:\/\/radiocomercial.cv\/index.php?rest_route=\/wp\/v2\/posts\/2056\/revisions\/2058"}],"wp:featuredmedia":[{"embeddable":true,"href":"https:\/\/radiocomercial.cv\/index.php?rest_route=\/wp\/v2\/media\/2057"}],"wp:attachment":[{"href":"https:\/\/radiocomercial.cv\/index.php?rest_route=%2Fwp%2Fv2%2Fmedia&parent=2056"}],"wp:term":[{"taxonomy":"category","embeddable":true,"href":"https:\/\/radiocomercial.cv\/index.php?rest_route=%2Fwp%2Fv2%2Fcategories&post=2056"},{"taxonomy":"post_tag","embeddable":true,"href":"https:\/\/radiocomercial.cv\/index.php?rest_route=%2Fwp%2Fv2%2Ftags&post=2056"}],"curies":[{"name":"wp","href":"https:\/\/api.w.org\/{rel}","templated":true}]}}