{"id":2059,"date":"2025-04-03T12:48:46","date_gmt":"2025-04-03T12:48:46","guid":{"rendered":"https:\/\/radiocomercial.cv\/?p=2059"},"modified":"2025-04-03T12:48:47","modified_gmt":"2025-04-03T12:48:47","slug":"50-escolas-da-praia-e-ribeira-grande-de-santiago-assinam-contrato-de-financiamento-com-ba-cultura","status":"publish","type":"post","link":"https:\/\/radiocomercial.cv\/?p=2059","title":{"rendered":"50 escolas da Praia e Ribeira Grande de Santiago assinam contrato de financiamento com BA-Cultura"},"content":{"rendered":"\n<p><strong>O Minist\u00e9rio da Cultura e das Ind\u00fastrias Criativas assinou, esta quarta-feira, 2, o contrato de financiamento com as escolas, associa\u00e7\u00f5es e ONG&#8217;s beneficiadas pelo programa Bolsa de Acesso \u00e0 Cultura dos munic\u00edpios da Praia e de Ribeira Grande de Santiago.<\/strong><\/p>\n\n\n\n<p>Este programa vai beneficiar 50 escolas, associa\u00e7\u00f5es e ONGs beneficiadas 49 do munic\u00edpio da Praia e um do munic\u00edpio de Ribeira Grande de Santiago, englobando 1808 alunos bolseiros, sendo 936 do sexo feminino e 872 do sexo masculino.<\/p>\n\n\n\n<p>A cerim\u00f3nia contou com dois momentos de actua\u00e7\u00e3o de alunos de escolas, associa\u00e7\u00f5es e ONG\u2019s benefici\u00e1rias deste programa.<\/p>\n\n\n\n<p>O acto foi presidido pelo Ministro da Cultura e das Ind\u00fastrias Criativas, Augusto Veiga. Antes da cerim\u00f3nia. Augusto Veiga disse aos jornalistas que o projecto teve um aumento a n\u00edvel dos benefici\u00e1rios, \u201cdado que \u00e9 um projecto que vem desde 2017, come\u00e7ou com 47 escolas, no ano passado t\u00ednhamos 103 escolas e este ano temos 124 escolas, a n\u00edvel nacional\u201d.<\/p>\n\n\n\n<p>A n\u00edvel do or\u00e7amento do Estado, o governante indicou que \u00e9 um projecto que prev\u00ea cerca de 30 mil contos a n\u00edvel do or\u00e7amento, mas para abarcar todas as escolas tiveram que aumentar mais de dois mil contos que foram procurar junto do sector privado, avan\u00e7a Expresso das ilhas.<\/p>\n\n\n\n<p>\u201cPara este ano temos cerca de 4600 alunos, tivemos um aumento substancial do n\u00famero de alunos e de escolas. Este programa tem um impacto enorme, n\u00e3o s\u00f3 a n\u00edvel cultural, porque temos crian\u00e7a e jovens a aprender v\u00e1rias artes performativas e m\u00fasica tradicional cabo-verdiana. A n\u00edvel das fam\u00edlias e social tem um impacto muito forte, porque a maioria das escolas est\u00e3o em bairros mais desfavorecidos e serve tamb\u00e9m de ocupa\u00e7\u00e3o de tempos livres das crian\u00e7as e jovens\u201d, explica.<\/p>\n\n\n\n<p>Augusto Veiga sublinhou que o BA- Cultura est\u00e1 presente em vinte concelhos, e s\u00f3 faltam dois: Ribeira Brava (S\u00e3o Nicolau) e S\u00e3o Salvador do Mundo, que ainda n\u00e3o conseguiram abranger. \u201cA Ribeira Brava tinha uma escola e depois deixou de existir, mas no munic\u00edpio de Salvador do Mundo vamos trabalhar com os artistas locais para ver o que acontece no pr\u00f3ximo ano\u201d.<\/p>\n\n\n\n<p>De recordar que o Governo, atrav\u00e9s do Minist\u00e9rio da Cultura e das Ind\u00fastrias Criativas, sob a coordena\u00e7\u00e3o do programa Bolsa de Acesso \u00e0 Cultura, lan\u00e7ou em Dezembro de 2024 a 31 de Janeiro de 2025 mais uma edi\u00e7\u00e3o da candidatura a financiamento de bolsas para aulas de arte no pa\u00eds.<\/p>\n\n\n\n<p>Desta candidatura resultaram 124 escolas, associa\u00e7\u00f5es e ONGs seleccionadas para receber financiamento do programa de 20 munic\u00edpios, \u00e0 exce\u00e7\u00e3o de S\u00e3o Salvador do Mundo (Santiago) e Ribeira Brava (S\u00e3o Nicolau).<\/p>\n","protected":false},"excerpt":{"rendered":"<p>O Minist\u00e9rio da Cultura e das Ind\u00fastrias Criativas assinou, esta quarta-feira, 2, o contrato de financiamento com as escolas, associa\u00e7\u00f5es e ONG&#8217;s beneficiadas pelo programa Bolsa de Acesso \u00e0 Cultura dos munic\u00edpios da Praia e de Ribeira Grande de Santiago. Este programa vai beneficiar 50 escolas, associa\u00e7\u00f5es e ONGs beneficiadas 49 do munic\u00edpio da Praia<br \/><a class=\"moretag\" href=\"https:\/\/radiocomercial.cv\/?p=2059\">+ Read More<\/a><\/p>\n","protected":false},"author":2,"featured_media":2060,"comment_status":"open","ping_status":"open","sticky":false,"template":"","format":"standard","meta":{"footnotes":""},"categories":[6],"tags":[],"class_list":["post-2059","post","type-post","status-publish","format-standard","has-post-thumbnail","hentry","category-noticias"],"featured_image_src":"https:\/\/radiocomercial.cv\/wp-content\/uploads\/2025\/04\/BA-Cultura-apoio-as-escolas-da-Praia-e-RG-Santiago.jpg","featured_image_src_square":"https:\/\/radiocomercial.cv\/wp-content\/uploads\/2025\/04\/BA-Cultura-apoio-as-escolas-da-Praia-e-RG-Santiago.jpg","author_info":{"display_name":"Radio Comercial","author_link":"https:\/\/radiocomercial.cv\/?author=2"},"rbea_author_info":{"display_name":"Radio Comercial","author_link":"https:\/\/radiocomercial.cv\/?author=2"},"rbea_excerpt_info":"O Minist\u00e9rio da Cultura e das Ind\u00fastrias Criativas assinou, esta quarta-feira, 2, o contrato de financiamento com as escolas, associa\u00e7\u00f5es e ONG&#8217;s beneficiadas pelo programa Bolsa de Acesso \u00e0 Cultura dos munic\u00edpios da Praia e de Ribeira Grande de Santiago. Este programa vai beneficiar 50 escolas, associa\u00e7\u00f5es e ONGs beneficiadas 49 do munic\u00edpio da Praia<br><a class=\"moretag\" href=\"https:\/\/radiocomercial.cv\/?p=2059\">+ Read More<\/a>","category_list":"<a href=\"https:\/\/radiocomercial.cv\/?cat=6\" rel=\"category\">Noticias<\/a>","comments_num":"0 comments","_links":{"self":[{"href":"https:\/\/radiocomercial.cv\/index.php?rest_route=\/wp\/v2\/posts\/2059","targetHints":{"allow":["GET"]}}],"collection":[{"href":"https:\/\/radiocomercial.cv\/index.php?rest_route=\/wp\/v2\/posts"}],"about":[{"href":"https:\/\/radiocomercial.cv\/index.php?rest_route=\/wp\/v2\/types\/post"}],"author":[{"embeddable":true,"href":"https:\/\/radiocomercial.cv\/index.php?rest_route=\/wp\/v2\/users\/2"}],"replies":[{"embeddable":true,"href":"https:\/\/radiocomercial.cv\/index.php?rest_route=%2Fwp%2Fv2%2Fcomments&post=2059"}],"version-history":[{"count":1,"href":"https:\/\/radiocomercial.cv\/index.php?rest_route=\/wp\/v2\/posts\/2059\/revisions"}],"predecessor-version":[{"id":2061,"href":"https:\/\/radiocomercial.cv\/index.php?rest_route=\/wp\/v2\/posts\/2059\/revisions\/2061"}],"wp:featuredmedia":[{"embeddable":true,"href":"https:\/\/radiocomercial.cv\/index.php?rest_route=\/wp\/v2\/media\/2060"}],"wp:attachment":[{"href":"https:\/\/radiocomercial.cv\/index.php?rest_route=%2Fwp%2Fv2%2Fmedia&parent=2059"}],"wp:term":[{"taxonomy":"category","embeddable":true,"href":"https:\/\/radiocomercial.cv\/index.php?rest_route=%2Fwp%2Fv2%2Fcategories&post=2059"},{"taxonomy":"post_tag","embeddable":true,"href":"https:\/\/radiocomercial.cv\/index.php?rest_route=%2Fwp%2Fv2%2Ftags&post=2059"}],"curies":[{"name":"wp","href":"https:\/\/api.w.org\/{rel}","templated":true}]}}