{"id":2062,"date":"2025-04-03T18:38:15","date_gmt":"2025-04-03T18:38:15","guid":{"rendered":"https:\/\/radiocomercial.cv\/?p=2062"},"modified":"2025-04-03T18:38:16","modified_gmt":"2025-04-03T18:38:16","slug":"ze-di-tcharku-lanca-forte-somada-segundo-single-do-album-de-estreia-previsto-para-este-ano","status":"publish","type":"post","link":"https:\/\/radiocomercial.cv\/?p=2062","title":{"rendered":"Z\u00e9 di Tcharku lan\u00e7a \u201cForte Somada\u201d, segundo single do \u00e1lbum de estreia previsto para este ano"},"content":{"rendered":"\n<p><strong>O m\u00fasico e compositor santa-catarinense Z\u00e9 di Tcharku lan\u00e7a no domingo, 06, dia que completa 44 anos, o segundo single intitulado \u201cForte Somada\u201d, uma coladeira, que far\u00e1 parte do seu \u00e1lbum de estreia previsto para este ano.<\/strong><\/p>\n\n\n\n<p>Jos\u00e9 Avelino Borges Monteiro, de nome art\u00edstico \u201cZ\u00e9 di Tcharku\u201d, avan\u00e7ou \u00e0 Inforpress que \u201cForte Somada\u201d \u00e9 uma composi\u00e7\u00e3o de S\u00edlvio Brito, com arranjo musical de Kim Alves.<\/p>\n\n\n\n<p>A m\u00fasica, que sucede \u201cRegresso\u201d, uma morna, tamb\u00e9m da autoria de S\u00edlvio Brito e arranjos musicais de Kim Alves, vai estar dispon\u00edvel apenas em formato \u00e1udio nas plataformas digitais.<\/p>\n\n\n\n<p>Sobre o videoclipe, o artista com espect\u00e1culos agendados para Julho na \u201cterra do Tio Sam\u201d, informou que pretende regressar a Cabo Verde para grav\u00e1-lo em Assomada, tendo em conta que o tema \u00e9 uma homenagem \u00e0quela urbe que completa este anos 24 anos da sua eleva\u00e7\u00e3o \u00e0 categoria de cidade, comemorada a 13 de Maio pr\u00f3ximo.<\/p>\n\n\n\n<p>\u201cForte Somada \u00e9 tipo Forte da ilha do Maio e Cidade Velha, Ribeira Grande de Santiago. Esta m\u00fasica conta a hist\u00f3ria de pessoas que procuraram Assomada, Santa Catarina (Santiago) para o seu conforto e por l\u00e1 ficaram e n\u00e3o a trocam por outra cidade ou ribeira (\u2026)\u201d, explicou o artista que reside nos Estados Unidos da Am\u00e9rica (EUA).<\/p>\n\n\n\n<p>O artista, que tem apostado no estilo tradicional, avan\u00e7ou ainda que vai aproveitar a sua estadia nos EUA para gravar \u201cNha Bode\u201d, em homenagem \u00e0 tabanca, que \u00e9 patrim\u00f3nio cultural imaterial de Cabo Verde, e \u201cEmigrason\u201d, uma coladeira.<\/p>\n\n\n\n<p>E ainda \u201cTr\u00e1s de Cutelo\u201d de Osvaldo Rocha, e \u201cBeto bo e eterno\u201d da sua autoria em homenagem ao falecido autarca de Santa Catarina Jos\u00e9 Alves Fernandes, mais conhecido por \u201cBeto Alves\u201d, que considerou \u201cum amigo\u201d.<\/p>\n\n\n\n<p>Relativamente ao \u00e1lbum, o m\u00fasico limitou-se apenas a avan\u00e7ar que ter\u00e1 12 faixas musicais e a ser lan\u00e7ado ainda este ano, sem adiantar o nome que vai dar ao mesmo.<\/p>\n\n\n\n<p>Jos\u00e9 Avelino Borges Monteiro nasceu a 06 de Abril de 1981, na localidade de Charco, Ribeira da Barca, Santa Catarina, ilha de Santiago.<\/p>\n\n\n\n<p>Al\u00e9m de vencer tr\u00eas concursos de vozes \u201cTodo Mundo Canta (TMC)\u201d, sendo dois em Assomada, Santa Catarina, em 2003 e 2005, e 2007 na Praia, Z\u00e9 di Tcharku j\u00e1 actuou em v\u00e1rios festivais, e integrou os grupos \u201cHorizonte, \u201cSons do Planalto\u201d e \u201cSix Fingers\u201d.<\/p>\n","protected":false},"excerpt":{"rendered":"<p>O m\u00fasico e compositor santa-catarinense Z\u00e9 di Tcharku lan\u00e7a no domingo, 06, dia que completa 44 anos, o segundo single intitulado \u201cForte Somada\u201d, uma coladeira, que far\u00e1 parte do seu \u00e1lbum de estreia previsto para este ano. Jos\u00e9 Avelino Borges Monteiro, de nome art\u00edstico \u201cZ\u00e9 di Tcharku\u201d, avan\u00e7ou \u00e0 Inforpress que \u201cForte Somada\u201d \u00e9 uma<br \/><a class=\"moretag\" href=\"https:\/\/radiocomercial.cv\/?p=2062\">+ Read More<\/a><\/p>\n","protected":false},"author":2,"featured_media":2063,"comment_status":"open","ping_status":"open","sticky":false,"template":"","format":"standard","meta":{"footnotes":""},"categories":[6],"tags":[],"class_list":["post-2062","post","type-post","status-publish","format-standard","has-post-thumbnail","hentry","category-noticias"],"featured_image_src":"https:\/\/radiocomercial.cv\/wp-content\/uploads\/2025\/04\/Ze_di_Tcharku-Forte-Somada-2025.jpg","featured_image_src_square":"https:\/\/radiocomercial.cv\/wp-content\/uploads\/2025\/04\/Ze_di_Tcharku-Forte-Somada-2025.jpg","author_info":{"display_name":"Radio Comercial","author_link":"https:\/\/radiocomercial.cv\/?author=2"},"rbea_author_info":{"display_name":"Radio Comercial","author_link":"https:\/\/radiocomercial.cv\/?author=2"},"rbea_excerpt_info":"O m\u00fasico e compositor santa-catarinense Z\u00e9 di Tcharku lan\u00e7a no domingo, 06, dia que completa 44 anos, o segundo single intitulado \u201cForte Somada\u201d, uma coladeira, que far\u00e1 parte do seu \u00e1lbum de estreia previsto para este ano. Jos\u00e9 Avelino Borges Monteiro, de nome art\u00edstico \u201cZ\u00e9 di Tcharku\u201d, avan\u00e7ou \u00e0 Inforpress que \u201cForte Somada\u201d \u00e9 uma<br><a class=\"moretag\" href=\"https:\/\/radiocomercial.cv\/?p=2062\">+ Read More<\/a>","category_list":"<a href=\"https:\/\/radiocomercial.cv\/?cat=6\" rel=\"category\">Noticias<\/a>","comments_num":"0 comments","_links":{"self":[{"href":"https:\/\/radiocomercial.cv\/index.php?rest_route=\/wp\/v2\/posts\/2062","targetHints":{"allow":["GET"]}}],"collection":[{"href":"https:\/\/radiocomercial.cv\/index.php?rest_route=\/wp\/v2\/posts"}],"about":[{"href":"https:\/\/radiocomercial.cv\/index.php?rest_route=\/wp\/v2\/types\/post"}],"author":[{"embeddable":true,"href":"https:\/\/radiocomercial.cv\/index.php?rest_route=\/wp\/v2\/users\/2"}],"replies":[{"embeddable":true,"href":"https:\/\/radiocomercial.cv\/index.php?rest_route=%2Fwp%2Fv2%2Fcomments&post=2062"}],"version-history":[{"count":1,"href":"https:\/\/radiocomercial.cv\/index.php?rest_route=\/wp\/v2\/posts\/2062\/revisions"}],"predecessor-version":[{"id":2064,"href":"https:\/\/radiocomercial.cv\/index.php?rest_route=\/wp\/v2\/posts\/2062\/revisions\/2064"}],"wp:featuredmedia":[{"embeddable":true,"href":"https:\/\/radiocomercial.cv\/index.php?rest_route=\/wp\/v2\/media\/2063"}],"wp:attachment":[{"href":"https:\/\/radiocomercial.cv\/index.php?rest_route=%2Fwp%2Fv2%2Fmedia&parent=2062"}],"wp:term":[{"taxonomy":"category","embeddable":true,"href":"https:\/\/radiocomercial.cv\/index.php?rest_route=%2Fwp%2Fv2%2Fcategories&post=2062"},{"taxonomy":"post_tag","embeddable":true,"href":"https:\/\/radiocomercial.cv\/index.php?rest_route=%2Fwp%2Fv2%2Ftags&post=2062"}],"curies":[{"name":"wp","href":"https:\/\/api.w.org\/{rel}","templated":true}]}}