{"id":2065,"date":"2025-04-04T11:41:09","date_gmt":"2025-04-04T11:41:09","guid":{"rendered":"https:\/\/radiocomercial.cv\/?p=2065"},"modified":"2025-04-04T11:41:10","modified_gmt":"2025-04-04T11:41:10","slug":"gilyto-lanca-single-rabida-futuro-do-ep-funana-to-the-moon","status":"publish","type":"post","link":"https:\/\/radiocomercial.cv\/?p=2065","title":{"rendered":"Gilyto lan\u00e7a single \u201cRabida Futuro\u201d do EP \u201cFunan\u00e1 to the Moon\u201d"},"content":{"rendered":"\n<p><strong>O artista cabo-verdiano Gilyto Mr. Entertainer lan\u00e7a esta sexta-feira, 04, o seu mais novo single \u201cRabida Futuro\u201d, que ir\u00e1 integrar o seu EP \u201cFunan\u00e1 to the Moon\u201d. Este single surgiu depois do lan\u00e7amento dos temas \u201cPila-Tenti\u201d e \u201cFim de Semana\u201d.<\/strong><\/p>\n\n\n\n<p>Numa nota enviada, o artista informa que este single \u00e9 um funan\u00e1 lento e emotivo, que traz uma mensagem profunda e pessoal, que reflecte sobre os desafios e sacrif\u00edcios que os imigrantes enfrentam ao deixar a sua terra natal em busca de uma vida melhor.<\/p>\n\n\n\n<p>\u201cUm apelo \u00e0 supera\u00e7\u00e3o e \u00e0 transforma\u00e7\u00e3o pessoal a todos os que est\u00e3o na di\u00e1spora. A escolha deste tema como terceiro single n\u00e3o \u00e9 por acaso\u201d, explica.<\/p>\n\n\n\n<p>O artista conta que este tema marca tamb\u00e9m os dez anos da sua chegada aos Estados Unidos como imigrante, tornando este lan\u00e7amento ainda mais simb\u00f3lico. \u00c9 uma homenagem aos que lutam diariamente por um futuro mais digno, longe de casa, fam\u00edlia, amigos, com coragem e determina\u00e7\u00e3o\u201d.<\/p>\n\n\n\n<p>\u201cRabida Futuro\u201d \u00e9 mais do que uma m\u00fasica, \u00e9 um tributo \u00e0 coragem e \u00e0 resili\u00eancia de quem decide transformar a pr\u00f3pria vida\u201d, acrescenta.<\/p>\n\n\n\n<p>Produzido por Gilyto e Tino MC, o tema conta com um elenco de m\u00fasicos como Jo\u00e3o Paulo, Tony Bat, Jair Pina, Orlando Semedo, Jesus \u201cGinho\u201d Semedo &amp; Tino MC.<\/p>\n\n\n\n<p>O single foi gravado entre os Estados Unidos e Portugal, nos est\u00fadios GMS Studio (EUA), Prestige Studio (Portugal) e Bobs Studio (Portugal).<\/p>\n\n\n\n<p>A mistura e masteriza\u00e7\u00e3o ficaram a cargo de Jorge Cervantes no Cervantes Studio. O single \u201daudio\u201d j\u00e1 est\u00e1 dispon\u00edvel em todas as plataformas.<\/p>\n\n\n\n<p>O videoclipe de \u201cRabida Futuro\u201d foi gravado em Lisboa, com direc\u00e7\u00e3o de branU e Gilyto, e edi\u00e7\u00e3o a cargo de Popo (EUA), avan\u00e7a Expresso das ilhas.<\/p>\n\n\n\n<p>Sobre o EP \u201cFunan\u00e1 to the Moon\u201d, a mesma fonte real\u00e7a que marca o t\u00e3o esperado regresso de Gilyto aos palcos, depois de uma longa pausa em que apenas se dedicou \u00e0 produ\u00e7\u00e3o de eventos e \u00e0 promo\u00e7\u00e3o da cultura cabo-verdiana.<\/p>\n\n\n\n<p>Conforme a mesma fonte, o EP \u00e9 uma verdadeira viagem musical pela alma do Funan\u00e1, misturando a tradi\u00e7\u00e3o das ra\u00edzes de Santiago com uma abordagem contempor\u00e2nea.<\/p>\n\n\n\n<p>\u201cAtrav\u00e9s das suas m\u00fasicas, Gilyto presta homenagem aos mestres do g\u00e9nero, valorizando a autenticidade e elevando o Funan\u00e1 a novos horizontes. Este trabalho visa internacionalizar o Funan\u00e1, mostrando ao mundo a for\u00e7a, alegria e energia de um g\u00e9nero musical \u00fanico\u201d, refere.<\/p>\n","protected":false},"excerpt":{"rendered":"<p>O artista cabo-verdiano Gilyto Mr. Entertainer lan\u00e7a esta sexta-feira, 04, o seu mais novo single \u201cRabida Futuro\u201d, que ir\u00e1 integrar o seu EP \u201cFunan\u00e1 to the Moon\u201d. Este single surgiu depois do lan\u00e7amento dos temas \u201cPila-Tenti\u201d e \u201cFim de Semana\u201d. Numa nota enviada, o artista informa que este single \u00e9 um funan\u00e1 lento e emotivo,<br \/><a class=\"moretag\" href=\"https:\/\/radiocomercial.cv\/?p=2065\">+ Read More<\/a><\/p>\n","protected":false},"author":2,"featured_media":2066,"comment_status":"open","ping_status":"open","sticky":false,"template":"","format":"standard","meta":{"footnotes":""},"categories":[6],"tags":[],"class_list":["post-2065","post","type-post","status-publish","format-standard","has-post-thumbnail","hentry","category-noticias"],"featured_image_src":"https:\/\/radiocomercial.cv\/wp-content\/uploads\/2025\/04\/Gilyto-lanca-rabida-futuro-2025.jpg","featured_image_src_square":"https:\/\/radiocomercial.cv\/wp-content\/uploads\/2025\/04\/Gilyto-lanca-rabida-futuro-2025.jpg","author_info":{"display_name":"Radio Comercial","author_link":"https:\/\/radiocomercial.cv\/?author=2"},"rbea_author_info":{"display_name":"Radio Comercial","author_link":"https:\/\/radiocomercial.cv\/?author=2"},"rbea_excerpt_info":"O artista cabo-verdiano Gilyto Mr. Entertainer lan\u00e7a esta sexta-feira, 04, o seu mais novo single \u201cRabida Futuro\u201d, que ir\u00e1 integrar o seu EP \u201cFunan\u00e1 to the Moon\u201d. Este single surgiu depois do lan\u00e7amento dos temas \u201cPila-Tenti\u201d e \u201cFim de Semana\u201d. Numa nota enviada, o artista informa que este single \u00e9 um funan\u00e1 lento e emotivo,<br><a class=\"moretag\" href=\"https:\/\/radiocomercial.cv\/?p=2065\">+ Read More<\/a>","category_list":"<a href=\"https:\/\/radiocomercial.cv\/?cat=6\" rel=\"category\">Noticias<\/a>","comments_num":"0 comments","_links":{"self":[{"href":"https:\/\/radiocomercial.cv\/index.php?rest_route=\/wp\/v2\/posts\/2065","targetHints":{"allow":["GET"]}}],"collection":[{"href":"https:\/\/radiocomercial.cv\/index.php?rest_route=\/wp\/v2\/posts"}],"about":[{"href":"https:\/\/radiocomercial.cv\/index.php?rest_route=\/wp\/v2\/types\/post"}],"author":[{"embeddable":true,"href":"https:\/\/radiocomercial.cv\/index.php?rest_route=\/wp\/v2\/users\/2"}],"replies":[{"embeddable":true,"href":"https:\/\/radiocomercial.cv\/index.php?rest_route=%2Fwp%2Fv2%2Fcomments&post=2065"}],"version-history":[{"count":1,"href":"https:\/\/radiocomercial.cv\/index.php?rest_route=\/wp\/v2\/posts\/2065\/revisions"}],"predecessor-version":[{"id":2067,"href":"https:\/\/radiocomercial.cv\/index.php?rest_route=\/wp\/v2\/posts\/2065\/revisions\/2067"}],"wp:featuredmedia":[{"embeddable":true,"href":"https:\/\/radiocomercial.cv\/index.php?rest_route=\/wp\/v2\/media\/2066"}],"wp:attachment":[{"href":"https:\/\/radiocomercial.cv\/index.php?rest_route=%2Fwp%2Fv2%2Fmedia&parent=2065"}],"wp:term":[{"taxonomy":"category","embeddable":true,"href":"https:\/\/radiocomercial.cv\/index.php?rest_route=%2Fwp%2Fv2%2Fcategories&post=2065"},{"taxonomy":"post_tag","embeddable":true,"href":"https:\/\/radiocomercial.cv\/index.php?rest_route=%2Fwp%2Fv2%2Ftags&post=2065"}],"curies":[{"name":"wp","href":"https:\/\/api.w.org\/{rel}","templated":true}]}}