{"id":2068,"date":"2025-04-07T12:16:45","date_gmt":"2025-04-07T12:16:45","guid":{"rendered":"https:\/\/radiocomercial.cv\/?p=2068"},"modified":"2025-04-07T12:16:46","modified_gmt":"2025-04-07T12:16:46","slug":"atlantic-music-expo-anima-a-partir-de-hoje-a-cidade-da-praia","status":"publish","type":"post","link":"https:\/\/radiocomercial.cv\/?p=2068","title":{"rendered":"Atlantic Music Expo anima a partir de hoje a cidade da Praia"},"content":{"rendered":"\n<p><strong>O Atlantic Music Expo (AME) arranca hoje na cidade da Praia, um encontro de profissionais da m\u00fasica de todo o mundo com mais de duas dezenas de espet\u00e1culos abertos ao p\u00fablico no centro da capital.<\/strong><\/p>\n\n\n\n<p>A programa\u00e7\u00e3o de hoje inclui confer\u00eancias, uma sess\u00e3o de abertura e, entre ter\u00e7a e quinta-feira, novas bandas e cantores de 12 pa\u00edses v\u00e3o ocupar diferentes palcos no Plateau distribu\u00eddos pelo Pal\u00e1cio da Cultura, Rua Pedonal e Pra\u00e7a Lu\u00eds de Cam\u00f5es, para os chamados &#8216;showcases&#8217;.<\/p>\n\n\n\n<p>O programa de ter\u00e7a-feira inclui Leroy Pinto (Cabo Verde), Roberta Campos (Brasil), Zuleica Barros (Cabo Verde), Fattu Djakit\u00e9 (Guin\u00e9-Bissau), Isabel Novella (Mo\u00e7ambique), Ary Mar (Cabo Verde), Cjey Patronato (Cabo Verde) e Sahad (Senegal).<\/p>\n\n\n\n<p>Na quarta-feira, apresentam-se Yacine Rosa (Cabo Verde), Raquel Kurpershoek (Espanha), Rumba de Bodas (It\u00e1lia), Karyna Gomes (Guin\u00e9-Bissau), F\u00e1bio Ramos (Cabo Verde), Eliana Rosa (Cabo Verde), Voz Sambou (Canad\u00e1\/Haiti) e Tasuta N-imal (Marrocos).<\/p>\n\n\n\n<p>O alinhamento do \u00faltimo dia inclui Mariaa Siga (Senegal\/Fran\u00e7a), Taresa Fernandes (Cabo Verde), Dan\u00e7as Ocultas (Portugal), Throes + The Shine (Angola), Queency Barbosa (Cabo Verde) e Dieg (Cabo Verde).<\/p>\n\n\n\n<p>O AME tem crescido al\u00e9m-fronteiras e, em 2025, tem 400 profissionais inscritos para participar nas actividades que, a cada m\u00eas de Abril, animam a capital de Cabo Verde com sons de todo o mundo e a lan\u00e7ar novos artistas.<\/p>\n\n\n\n<p>Entre inscritos nacionais e estrangeiros, sejam &#8220;delegados, jornalistas e artistas, o n\u00famero ronda perto de 400 pessoas\u201d, acima do n\u00famero do \u00faltimo ano, disse \u00e0 Lusa, Benito Lopes, director-geral do evento.<\/p>\n\n\n\n<p>&#8220;O AME \u00e9 um mercado, n\u00e3o \u00e9 um festival\u201d, referiu Benito Lopes, apontando o evento como uma plataforma cada vez mais usada para promover novos trabalhos.<\/p>\n\n\n\n<p>O Brasil \u00e9 um dos pa\u00edses que mais procura lugar no AME, al\u00e9m de haver um interesse crescente \u201cde v\u00e1rios pa\u00edses africanos&#8221; em busca dos encontros que podem abrir portas a novas oportunidades &#8211; e onde a Europa \u00e9 presen\u00e7a habitual, desde in\u00edcio, gra\u00e7as \u00e0 colabora\u00e7\u00e3o do AME com o Womex, projecto internacional de apoio e desenvolvimento da m\u00fasica mundial.<\/p>\n\n\n\n<p>&#8220;Os cabo-verdianos tamb\u00e9m j\u00e1 perceberam que podem tirar partido desta plataforma para se internacionalizar&#8221;, concluiu.<\/p>\n\n\n\n<p>O AME \u00e9 uma organiza\u00e7\u00e3o da Cabo Verde Cultural, associa\u00e7\u00e3o sem fins lucrativos, e \u00e9 apoiado pelo Governo e privados, numa jun\u00e7\u00e3o que tem sido essencial para a dinamiza\u00e7\u00e3o do evento, apontou Benito Lopes.<\/p>\n\n\n\n<p>Na quinta-feira, como \u00e9 habitual todos os anos, o \u00faltimo espet\u00e1culo do AME antecede o arranque no Kriol Jazz Festival, tamb\u00e9m no centro da Praia, cujo programa de tr\u00eas dias tem como destaques o angolano Bonga e a gambiana Sona Jobarteh.<\/p>\n","protected":false},"excerpt":{"rendered":"<p>O Atlantic Music Expo (AME) arranca hoje na cidade da Praia, um encontro de profissionais da m\u00fasica de todo o mundo com mais de duas dezenas de espet\u00e1culos abertos ao p\u00fablico no centro da capital. A programa\u00e7\u00e3o de hoje inclui confer\u00eancias, uma sess\u00e3o de abertura e, entre ter\u00e7a e quinta-feira, novas bandas e cantores de<br \/><a class=\"moretag\" href=\"https:\/\/radiocomercial.cv\/?p=2068\">+ Read More<\/a><\/p>\n","protected":false},"author":2,"featured_media":2069,"comment_status":"open","ping_status":"open","sticky":false,"template":"","format":"standard","meta":{"footnotes":""},"categories":[6],"tags":[],"class_list":["post-2068","post","type-post","status-publish","format-standard","has-post-thumbnail","hentry","category-noticias"],"featured_image_src":"https:\/\/radiocomercial.cv\/wp-content\/uploads\/2025\/04\/AME-2025.jpg","featured_image_src_square":"https:\/\/radiocomercial.cv\/wp-content\/uploads\/2025\/04\/AME-2025.jpg","author_info":{"display_name":"Radio Comercial","author_link":"https:\/\/radiocomercial.cv\/?author=2"},"rbea_author_info":{"display_name":"Radio Comercial","author_link":"https:\/\/radiocomercial.cv\/?author=2"},"rbea_excerpt_info":"O Atlantic Music Expo (AME) arranca hoje na cidade da Praia, um encontro de profissionais da m\u00fasica de todo o mundo com mais de duas dezenas de espet\u00e1culos abertos ao p\u00fablico no centro da capital. A programa\u00e7\u00e3o de hoje inclui confer\u00eancias, uma sess\u00e3o de abertura e, entre ter\u00e7a e quinta-feira, novas bandas e cantores de<br><a class=\"moretag\" href=\"https:\/\/radiocomercial.cv\/?p=2068\">+ Read More<\/a>","category_list":"<a href=\"https:\/\/radiocomercial.cv\/?cat=6\" rel=\"category\">Noticias<\/a>","comments_num":"0 comments","_links":{"self":[{"href":"https:\/\/radiocomercial.cv\/index.php?rest_route=\/wp\/v2\/posts\/2068","targetHints":{"allow":["GET"]}}],"collection":[{"href":"https:\/\/radiocomercial.cv\/index.php?rest_route=\/wp\/v2\/posts"}],"about":[{"href":"https:\/\/radiocomercial.cv\/index.php?rest_route=\/wp\/v2\/types\/post"}],"author":[{"embeddable":true,"href":"https:\/\/radiocomercial.cv\/index.php?rest_route=\/wp\/v2\/users\/2"}],"replies":[{"embeddable":true,"href":"https:\/\/radiocomercial.cv\/index.php?rest_route=%2Fwp%2Fv2%2Fcomments&post=2068"}],"version-history":[{"count":1,"href":"https:\/\/radiocomercial.cv\/index.php?rest_route=\/wp\/v2\/posts\/2068\/revisions"}],"predecessor-version":[{"id":2070,"href":"https:\/\/radiocomercial.cv\/index.php?rest_route=\/wp\/v2\/posts\/2068\/revisions\/2070"}],"wp:featuredmedia":[{"embeddable":true,"href":"https:\/\/radiocomercial.cv\/index.php?rest_route=\/wp\/v2\/media\/2069"}],"wp:attachment":[{"href":"https:\/\/radiocomercial.cv\/index.php?rest_route=%2Fwp%2Fv2%2Fmedia&parent=2068"}],"wp:term":[{"taxonomy":"category","embeddable":true,"href":"https:\/\/radiocomercial.cv\/index.php?rest_route=%2Fwp%2Fv2%2Fcategories&post=2068"},{"taxonomy":"post_tag","embeddable":true,"href":"https:\/\/radiocomercial.cv\/index.php?rest_route=%2Fwp%2Fv2%2Ftags&post=2068"}],"curies":[{"name":"wp","href":"https:\/\/api.w.org\/{rel}","templated":true}]}}