{"id":2071,"date":"2025-04-08T12:10:39","date_gmt":"2025-04-08T12:10:39","guid":{"rendered":"https:\/\/radiocomercial.cv\/?p=2071"},"modified":"2025-04-08T12:10:40","modified_gmt":"2025-04-08T12:10:40","slug":"rahiz-lanca-album-covers-in-capeverdean-di-rahiz","status":"publish","type":"post","link":"https:\/\/radiocomercial.cv\/?p=2071","title":{"rendered":"Rahiz lan\u00e7a \u00e1lbum \u201cCovers in Capeverdean di Rahiz\u201d"},"content":{"rendered":"\n<p><strong>O artista Rahiz acaba de lan\u00e7ar, nas plataformas digitais o seu novo \u00e1lbum intitulado \u201cCovers in Capeverdean di Rahiz\u201d, composto por 11 covers.<\/strong><\/p>\n\n\n\n<p>Segundo uma nota enviada, neste \u00e1lbum, o artista desafia-se a respeitar as melodias e m\u00e9tricas originais das faixas, mas, ao mesmo tempo, reinterpreta-as, criando vers\u00f5es \u00fanicas e inovadoras, maioritariamente cantadas na l\u00edngua cabo-verdiana.<\/p>\n\n\n\n<p>\u201cA mistura de portugu\u00eas, ingl\u00eas, franc\u00eas e cal\u00e3o traz uma fus\u00e3o cultural \u00fanica que emociona os ouvintes e mostra que a l\u00edngua cabo-verdiana \u00e9 linda e se encaixa nas mais belas m\u00fasicas\u201d, defende.<\/p>\n\n\n\n<p>A mesma fonte indica que o projecto tem como objectivo mostrar a versatilidade do artista na interpreta\u00e7\u00e3o de diversos estilos musicais, ao mesmo tempo que promove a l\u00edngua e a cultura cabo-verdiana, com um enfoque especial nas suas ra\u00edzes.<\/p>\n\n\n\n<p>\u201cA faixa &#8220;4 Kamp\u00e9&#8221;, que se tornou viral, \u00e9 um dos grandes destaques do \u00e1lbum. Originalmente cantada pelo artista antilhano Jo\u00e9 Dw\u00e9t Fil\u00e9, nascido em Fran\u00e7a, a m\u00fasica foi remixada oficialmente pelo nigeriano Burna Boy, e a vers\u00e3o de Rahiz j\u00e1 \u00e9 a segunda mais vista, superada apenas pela vers\u00e3o oficial de Burna Boy.\u201d, cita.<\/p>\n\n\n\n<p>\u201cLast last\u201d, \u201cRush\u201d, \u201cSoso\u201d, Calm Down\u201d, \u201cKu Lo Sa\u201d, \u201cConfession\u201d, \u201cSensational\u201d, \u201cResiduals\u201d, \u201cUnder the Influence\u201d e \u201cDumebi\u201d, s\u00e3o outros temas que fazem parte do \u00e1lbum.<\/p>\n\n\n\n<p>Nascido em Portugal, filho de pais cabo-verdianos, Rahiz rapidamente tornou-se num dos artistas mais activos e ecl\u00e9ticos do meio musical urbano.<\/p>\n\n\n\n<p>Em 1994 iniciou a sua carreira no hip hop e j\u00e1 trabalhou com v\u00e1rios artistas conhecidos do mercado portugu\u00eas e internacional.<\/p>\n\n\n\n<p>Em 2012, a sua can\u00e7\u00e3o &#8220;Um sonho&#8221; foi nomeada para Melhor Reggae nos Cabo Verde Music Awards. Em 2014 ruma para Fran\u00e7a, para abra\u00e7ar o mercado franc\u00eas e embarcar em novos desafios.<\/p>\n\n\n\n<p>Em 2016 recebeu o pr\u00e9mio de melhor artista de hip-hop africano no African Entertainment Awards USA tornando-se no primeiro artista de hip-hop lus\u00f3fono a vencer este galard\u00e3o.<\/p>\n\n\n\n<p>Em 2022 \u00e9 nomeado como uma das 100 pessoas mais influentes da lusofonia na Powerlist100 da Bantumen.&nbsp;<\/p>\n\n\n\n<p>Al\u00e9m de artista,&nbsp;Rahiz&nbsp;\u00e9 tamb\u00e9m empreendedor, fundador da produtora B.O.B. Ent.Group, orador, director, produtor art\u00edstico e activista social.&nbsp;<\/p>\n\n\n\n<figure class=\"wp-block-embed is-type-video is-provider-youtube wp-block-embed-youtube wp-embed-aspect-16-9 wp-has-aspect-ratio\"><div class=\"wp-block-embed__wrapper\">\n<iframe title=\"Oxlade - KU LO SA | Rahiz Cover in Capeverdean\" width=\"500\" height=\"281\" src=\"https:\/\/www.youtube.com\/embed\/504kZhSPiag?list=PLAK9EEwmHtV01rl_1PJxuJrI_2_96K7hf\" frameborder=\"0\" allow=\"accelerometer; autoplay; clipboard-write; encrypted-media; gyroscope; picture-in-picture; web-share\" referrerpolicy=\"strict-origin-when-cross-origin\" allowfullscreen><\/iframe>\n<\/div><\/figure>\n","protected":false},"excerpt":{"rendered":"<p>O artista Rahiz acaba de lan\u00e7ar, nas plataformas digitais o seu novo \u00e1lbum intitulado \u201cCovers in Capeverdean di Rahiz\u201d, composto por 11 covers. Segundo uma nota enviada, neste \u00e1lbum, o artista desafia-se a respeitar as melodias e m\u00e9tricas originais das faixas, mas, ao mesmo tempo, reinterpreta-as, criando vers\u00f5es \u00fanicas e inovadoras, maioritariamente cantadas na l\u00edngua<br \/><a class=\"moretag\" href=\"https:\/\/radiocomercial.cv\/?p=2071\">+ Read More<\/a><\/p>\n","protected":false},"author":2,"featured_media":2072,"comment_status":"open","ping_status":"open","sticky":false,"template":"","format":"standard","meta":{"footnotes":""},"categories":[6],"tags":[],"class_list":["post-2071","post","type-post","status-publish","format-standard","has-post-thumbnail","hentry","category-noticias"],"featured_image_src":"https:\/\/radiocomercial.cv\/wp-content\/uploads\/2025\/04\/Rahiz-novo-album-2025.jpg","featured_image_src_square":"https:\/\/radiocomercial.cv\/wp-content\/uploads\/2025\/04\/Rahiz-novo-album-2025.jpg","author_info":{"display_name":"Radio Comercial","author_link":"https:\/\/radiocomercial.cv\/?author=2"},"rbea_author_info":{"display_name":"Radio Comercial","author_link":"https:\/\/radiocomercial.cv\/?author=2"},"rbea_excerpt_info":"O artista Rahiz acaba de lan\u00e7ar, nas plataformas digitais o seu novo \u00e1lbum intitulado \u201cCovers in Capeverdean di Rahiz\u201d, composto por 11 covers. Segundo uma nota enviada, neste \u00e1lbum, o artista desafia-se a respeitar as melodias e m\u00e9tricas originais das faixas, mas, ao mesmo tempo, reinterpreta-as, criando vers\u00f5es \u00fanicas e inovadoras, maioritariamente cantadas na l\u00edngua<br><a class=\"moretag\" href=\"https:\/\/radiocomercial.cv\/?p=2071\">+ Read More<\/a>","category_list":"<a href=\"https:\/\/radiocomercial.cv\/?cat=6\" rel=\"category\">Noticias<\/a>","comments_num":"0 comments","_links":{"self":[{"href":"https:\/\/radiocomercial.cv\/index.php?rest_route=\/wp\/v2\/posts\/2071","targetHints":{"allow":["GET"]}}],"collection":[{"href":"https:\/\/radiocomercial.cv\/index.php?rest_route=\/wp\/v2\/posts"}],"about":[{"href":"https:\/\/radiocomercial.cv\/index.php?rest_route=\/wp\/v2\/types\/post"}],"author":[{"embeddable":true,"href":"https:\/\/radiocomercial.cv\/index.php?rest_route=\/wp\/v2\/users\/2"}],"replies":[{"embeddable":true,"href":"https:\/\/radiocomercial.cv\/index.php?rest_route=%2Fwp%2Fv2%2Fcomments&post=2071"}],"version-history":[{"count":1,"href":"https:\/\/radiocomercial.cv\/index.php?rest_route=\/wp\/v2\/posts\/2071\/revisions"}],"predecessor-version":[{"id":2073,"href":"https:\/\/radiocomercial.cv\/index.php?rest_route=\/wp\/v2\/posts\/2071\/revisions\/2073"}],"wp:featuredmedia":[{"embeddable":true,"href":"https:\/\/radiocomercial.cv\/index.php?rest_route=\/wp\/v2\/media\/2072"}],"wp:attachment":[{"href":"https:\/\/radiocomercial.cv\/index.php?rest_route=%2Fwp%2Fv2%2Fmedia&parent=2071"}],"wp:term":[{"taxonomy":"category","embeddable":true,"href":"https:\/\/radiocomercial.cv\/index.php?rest_route=%2Fwp%2Fv2%2Fcategories&post=2071"},{"taxonomy":"post_tag","embeddable":true,"href":"https:\/\/radiocomercial.cv\/index.php?rest_route=%2Fwp%2Fv2%2Ftags&post=2071"}],"curies":[{"name":"wp","href":"https:\/\/api.w.org\/{rel}","templated":true}]}}