{"id":2083,"date":"2025-04-10T16:24:43","date_gmt":"2025-04-10T16:24:43","guid":{"rendered":"https:\/\/radiocomercial.cv\/?p=2083"},"modified":"2025-04-10T16:24:44","modified_gmt":"2025-04-10T16:24:44","slug":"kriol-jazz-festival-leva-workshop-masterclass-a-universidade-jean-piaget","status":"publish","type":"post","link":"https:\/\/radiocomercial.cv\/?p=2083","title":{"rendered":"Kriol Jazz Festival leva workshop\/masterclass \u00e0 Universidade Jean Piaget"},"content":{"rendered":"\n<p><strong>O Kriol Jazz Festival 2025 vai organiza esta sexta-feira, 11, um workshop\/masterclass especial, em parceria com a Universidade Jean Piaget de Cabo Verde. A actividade ter\u00e1 lugar no Audit\u00f3rio da Universidade Jean Piaget.<\/strong><\/p>\n\n\n\n<p>A Harmonia, empresa organizadora do Kriol Jazz Festival revelou que o grupo Cabo Cuba Jazz marcar\u00e1 presen\u00e7a no evento. Atrav\u00e9s da m\u00fasica, o grupo procura valorizar e celebrar a diversidade cultural de Cabo Verde e a rica tradi\u00e7\u00e3o da m\u00fasica cubana.<\/p>\n\n\n\n<p>Segundo a mesma fonte, este grupo internacional possui um estilo \u00fanico que alia a habilidade t\u00e9cnica dos seus elementos com arranjos sofisticados.<\/p>\n\n\n\n<p>A Harmonia destaca ainda que o evento representa uma oportunidade \u201c\u00fanica\u201d para mergulhar no universo do jazz e das sonoridades crioulas, aprendendo com m\u00fasicos de renome.<\/p>\n\n\n\n<p>A 14.\u00aa edi\u00e7\u00e3o do Kriol Jazz acontece entre os dias 10 e 12 de Abril, na Pracinha da Escola Grande, na cidade da Praia, e contar\u00e1 com a participa\u00e7\u00e3o de diversos artistas nacionais e internacionais, reporta Expresso das ilhas.<\/p>\n\n\n\n<p>O festival arranca esta quinta-feira, dia 10, com o concerto do projecto Kriol-Kr\u00e9y\u00f2l, que funde o jazz das Cara\u00edbas com a m\u00fasica cabo-verdiana, num espect\u00e1culo que contar\u00e1 com as vozes de Boy G. Mendes e Zulu (Zuleica). Segue-se o projecto Cabo Cuba Jazz, liderado pelo pianista cabo-verdiano Carlos Matos, que mistura jazz latino com sonoridades crioulas.<\/p>\n\n\n\n<p>Na sexta-feira, dia 11, iniciam-se os concertos pagos, com actua\u00e7\u00e3o de M\u00e1rio L\u00facio, seguida pelo trio do pianista martinicano Mario Canonge, a artista gambiana Sona Jobarteh e a banda francesa Sixun. No s\u00e1bado, dia 12, a cabo-verdiana Nancy Vieira abre a noite, antecedendo os norte-americanos Michelle David &amp; The True Tones, as espanholas Las Karamba e o angolano Bonga.<\/p>\n","protected":false},"excerpt":{"rendered":"<p>O Kriol Jazz Festival 2025 vai organiza esta sexta-feira, 11, um workshop\/masterclass especial, em parceria com a Universidade Jean Piaget de Cabo Verde. A actividade ter\u00e1 lugar no Audit\u00f3rio da Universidade Jean Piaget. A Harmonia, empresa organizadora do Kriol Jazz Festival revelou que o grupo Cabo Cuba Jazz marcar\u00e1 presen\u00e7a no evento. Atrav\u00e9s da m\u00fasica,<br \/><a class=\"moretag\" href=\"https:\/\/radiocomercial.cv\/?p=2083\">+ Read More<\/a><\/p>\n","protected":false},"author":2,"featured_media":2084,"comment_status":"open","ping_status":"open","sticky":false,"template":"","format":"standard","meta":{"footnotes":""},"categories":[6],"tags":[],"class_list":["post-2083","post","type-post","status-publish","format-standard","has-post-thumbnail","hentry","category-noticias"],"featured_image_src":"https:\/\/radiocomercial.cv\/wp-content\/uploads\/2025\/04\/Cabo-Cuba-Jazz-Kriol-Jazz-2025.jpg","featured_image_src_square":"https:\/\/radiocomercial.cv\/wp-content\/uploads\/2025\/04\/Cabo-Cuba-Jazz-Kriol-Jazz-2025.jpg","author_info":{"display_name":"Radio Comercial","author_link":"https:\/\/radiocomercial.cv\/?author=2"},"rbea_author_info":{"display_name":"Radio Comercial","author_link":"https:\/\/radiocomercial.cv\/?author=2"},"rbea_excerpt_info":"O Kriol Jazz Festival 2025 vai organiza esta sexta-feira, 11, um workshop\/masterclass especial, em parceria com a Universidade Jean Piaget de Cabo Verde. A actividade ter\u00e1 lugar no Audit\u00f3rio da Universidade Jean Piaget. A Harmonia, empresa organizadora do Kriol Jazz Festival revelou que o grupo Cabo Cuba Jazz marcar\u00e1 presen\u00e7a no evento. Atrav\u00e9s da m\u00fasica,<br><a class=\"moretag\" href=\"https:\/\/radiocomercial.cv\/?p=2083\">+ Read More<\/a>","category_list":"<a href=\"https:\/\/radiocomercial.cv\/?cat=6\" rel=\"category\">Noticias<\/a>","comments_num":"0 comments","_links":{"self":[{"href":"https:\/\/radiocomercial.cv\/index.php?rest_route=\/wp\/v2\/posts\/2083","targetHints":{"allow":["GET"]}}],"collection":[{"href":"https:\/\/radiocomercial.cv\/index.php?rest_route=\/wp\/v2\/posts"}],"about":[{"href":"https:\/\/radiocomercial.cv\/index.php?rest_route=\/wp\/v2\/types\/post"}],"author":[{"embeddable":true,"href":"https:\/\/radiocomercial.cv\/index.php?rest_route=\/wp\/v2\/users\/2"}],"replies":[{"embeddable":true,"href":"https:\/\/radiocomercial.cv\/index.php?rest_route=%2Fwp%2Fv2%2Fcomments&post=2083"}],"version-history":[{"count":1,"href":"https:\/\/radiocomercial.cv\/index.php?rest_route=\/wp\/v2\/posts\/2083\/revisions"}],"predecessor-version":[{"id":2085,"href":"https:\/\/radiocomercial.cv\/index.php?rest_route=\/wp\/v2\/posts\/2083\/revisions\/2085"}],"wp:featuredmedia":[{"embeddable":true,"href":"https:\/\/radiocomercial.cv\/index.php?rest_route=\/wp\/v2\/media\/2084"}],"wp:attachment":[{"href":"https:\/\/radiocomercial.cv\/index.php?rest_route=%2Fwp%2Fv2%2Fmedia&parent=2083"}],"wp:term":[{"taxonomy":"category","embeddable":true,"href":"https:\/\/radiocomercial.cv\/index.php?rest_route=%2Fwp%2Fv2%2Fcategories&post=2083"},{"taxonomy":"post_tag","embeddable":true,"href":"https:\/\/radiocomercial.cv\/index.php?rest_route=%2Fwp%2Fv2%2Ftags&post=2083"}],"curies":[{"name":"wp","href":"https:\/\/api.w.org\/{rel}","templated":true}]}}