{"id":2116,"date":"2025-04-23T13:42:39","date_gmt":"2025-04-23T13:42:39","guid":{"rendered":"https:\/\/radiocomercial.cv\/?p=2116"},"modified":"2025-04-23T13:42:40","modified_gmt":"2025-04-23T13:42:40","slug":"paulo-de-carvalho-primeiro-convidado-especial-dos-cvma-2025","status":"publish","type":"post","link":"https:\/\/radiocomercial.cv\/?p=2116","title":{"rendered":"Paulo de Carvalho primeiro convidado especial dos CVMA 2025"},"content":{"rendered":"\n<p><strong>O artista portugu\u00eas Paulo de Carvalho \u00e9 o primeiro convidado especial para a 14\u00aa gala dos CVMA, que acontece no dia 7 de Junho, no Porto da Cidade da Praia. A informa\u00e7\u00e3o foi anunciada esta ter\u00e7a-feira, 22, pela organiza\u00e7\u00e3o dos Cabo Verde Music Awards, numa nota de imprensa.<\/strong><\/p>\n\n\n\n<p>Segundo a organiza\u00e7\u00e3o, a vinda de Paulo de Carvalho aos Cabo Verde Music Awards, no ano em que se celebram os 50 anos da Independ\u00eancia de Cabo Verde, ser\u00e1 um momento carregado de um enorme simbolismo tendo em conta o papel que este m\u00fasico e compositor teve como voz de luta pela liberdade e pela democracia e foi uma personalidade activa no combate ao fascismo e \u00e0 repress\u00e3o colonial.<\/p>\n\n\n\n<p>A&nbsp;organiza\u00e7\u00e3o&nbsp;revela que em palco Paulo de Carvalho far\u00e1 uma antologia dos seus mais marcantes temas e can\u00e7\u00f5es que uniram e unem Portugal a Cabo Verde.<\/p>\n\n\n\n<p>Paulo de Carvalho tem uma carreira que dispensa apresenta\u00e7\u00f5es, sendo um dos maiores nomes da m\u00fasica portuguesa.<\/p>\n\n\n\n<p>\u201cM\u00fasico, cantor e compositor com mais de 60 anos de carreira, iniciou-se na m\u00fasica com Os Sheiks como baterista e, na d\u00e9cada de 1970, tornou- se cantor a solo, vencendo o Festival RTP da Can\u00e7\u00e3o em 1974 com o m\u00edtico tema \u201cE Depois do Adeus\u201d, que foi escolhida como a primeira senha da Revolu\u00e7\u00e3o dos Cravos no 25 de Abril de 1974\u201d, aponta a nota.<\/p>\n\n\n\n<p>Ao longo da carreira Paulo de Carvalho destacou-se na Nova M\u00fasica Popular Portuguesa, conquistou v\u00e1rios pr\u00e9mios e contribuiu activamente para a democracia. Entre os seus \u00eaxitos est\u00e3o Gostava de Vos Ver Aqui, Os Meninos de Huambo e Lisboa, Menina e Mo\u00e7a, esta \u00faltima escolhida como Can\u00e7\u00e3o Oficial da Cidade de Lisboa em 2021.<\/p>\n\n\n\n<p>Com 29 trabalhos musicais editados e mais de 300 can\u00e7\u00f5es compostas, colaborou com grandes nomes como Carlos do Carmo, Simone de Oliveira e Mariza, Oliveira, Sara Tavares, Martinho da Vila, Anabela, Vasco Rafael, Lena D\u2019\u00c1gua ou Mariza.<\/p>\n\n\n\n<p>A organiza\u00e7\u00e3o avisa que neste momento a Academia CVMA j\u00e1 est\u00e1 a trabalhar na vota\u00e7\u00e3o dos vencedores da 14\u00aa edi\u00e7\u00e3o.<\/p>\n\n\n\n<p>Ao mesmo tempo, as vota\u00e7\u00f5es populares nas categorias Revela\u00e7\u00e3o do Ano, Artista em Palco do Ano e M\u00fasica Popular do Ano tamb\u00e9m j\u00e1 est\u00e3o a decorrer, atrav\u00e9s do site oficial dos CVMA.<\/p>\n\n\n\n<p>A 14\u00aa edi\u00e7\u00e3o dos Cabo Verde Music Awards, Pr\u00e9mio Oficial da M\u00fasica Cabo-verdiana e a respetiva After Party, acontecem dia 7 de Junho no Porto da Cidade da Praia e celebram os 50 anos da Independ\u00eancia de Cabo Verde.\u00a0<\/p>\n","protected":false},"excerpt":{"rendered":"<p>O artista portugu\u00eas Paulo de Carvalho \u00e9 o primeiro convidado especial para a 14\u00aa gala dos CVMA, que acontece no dia 7 de Junho, no Porto da Cidade da Praia. A informa\u00e7\u00e3o foi anunciada esta ter\u00e7a-feira, 22, pela organiza\u00e7\u00e3o dos Cabo Verde Music Awards, numa nota de imprensa. Segundo a organiza\u00e7\u00e3o, a vinda de Paulo<br \/><a class=\"moretag\" href=\"https:\/\/radiocomercial.cv\/?p=2116\">+ Read More<\/a><\/p>\n","protected":false},"author":2,"featured_media":2117,"comment_status":"open","ping_status":"open","sticky":false,"template":"","format":"standard","meta":{"footnotes":""},"categories":[6],"tags":[],"class_list":["post-2116","post","type-post","status-publish","format-standard","has-post-thumbnail","hentry","category-noticias"],"featured_image_src":"https:\/\/radiocomercial.cv\/wp-content\/uploads\/2025\/04\/Paulo-de-Carvalho-primeiro-convidado-especial-dos-CVMA-2025.png","featured_image_src_square":"https:\/\/radiocomercial.cv\/wp-content\/uploads\/2025\/04\/Paulo-de-Carvalho-primeiro-convidado-especial-dos-CVMA-2025.png","author_info":{"display_name":"Radio Comercial","author_link":"https:\/\/radiocomercial.cv\/?author=2"},"rbea_author_info":{"display_name":"Radio Comercial","author_link":"https:\/\/radiocomercial.cv\/?author=2"},"rbea_excerpt_info":"O artista portugu\u00eas Paulo de Carvalho \u00e9 o primeiro convidado especial para a 14\u00aa gala dos CVMA, que acontece no dia 7 de Junho, no Porto da Cidade da Praia. A informa\u00e7\u00e3o foi anunciada esta ter\u00e7a-feira, 22, pela organiza\u00e7\u00e3o dos Cabo Verde Music Awards, numa nota de imprensa. Segundo a organiza\u00e7\u00e3o, a vinda de Paulo<br><a class=\"moretag\" href=\"https:\/\/radiocomercial.cv\/?p=2116\">+ Read More<\/a>","category_list":"<a href=\"https:\/\/radiocomercial.cv\/?cat=6\" rel=\"category\">Noticias<\/a>","comments_num":"0 comments","_links":{"self":[{"href":"https:\/\/radiocomercial.cv\/index.php?rest_route=\/wp\/v2\/posts\/2116","targetHints":{"allow":["GET"]}}],"collection":[{"href":"https:\/\/radiocomercial.cv\/index.php?rest_route=\/wp\/v2\/posts"}],"about":[{"href":"https:\/\/radiocomercial.cv\/index.php?rest_route=\/wp\/v2\/types\/post"}],"author":[{"embeddable":true,"href":"https:\/\/radiocomercial.cv\/index.php?rest_route=\/wp\/v2\/users\/2"}],"replies":[{"embeddable":true,"href":"https:\/\/radiocomercial.cv\/index.php?rest_route=%2Fwp%2Fv2%2Fcomments&post=2116"}],"version-history":[{"count":1,"href":"https:\/\/radiocomercial.cv\/index.php?rest_route=\/wp\/v2\/posts\/2116\/revisions"}],"predecessor-version":[{"id":2118,"href":"https:\/\/radiocomercial.cv\/index.php?rest_route=\/wp\/v2\/posts\/2116\/revisions\/2118"}],"wp:featuredmedia":[{"embeddable":true,"href":"https:\/\/radiocomercial.cv\/index.php?rest_route=\/wp\/v2\/media\/2117"}],"wp:attachment":[{"href":"https:\/\/radiocomercial.cv\/index.php?rest_route=%2Fwp%2Fv2%2Fmedia&parent=2116"}],"wp:term":[{"taxonomy":"category","embeddable":true,"href":"https:\/\/radiocomercial.cv\/index.php?rest_route=%2Fwp%2Fv2%2Fcategories&post=2116"},{"taxonomy":"post_tag","embeddable":true,"href":"https:\/\/radiocomercial.cv\/index.php?rest_route=%2Fwp%2Fv2%2Ftags&post=2116"}],"curies":[{"name":"wp","href":"https:\/\/api.w.org\/{rel}","templated":true}]}}