{"id":2137,"date":"2025-04-29T12:45:09","date_gmt":"2025-04-29T12:45:09","guid":{"rendered":"https:\/\/radiocomercial.cv\/?p=2137"},"modified":"2025-04-29T12:45:11","modified_gmt":"2025-04-29T12:45:11","slug":"pilon-e-ritual-indispensavel-nas-bandeiras-da-ilha-do-fogo-fausto-do-rosario","status":"publish","type":"post","link":"https:\/\/radiocomercial.cv\/?p=2137","title":{"rendered":"\u201cPilon\u201d \u00e9 ritual indispens\u00e1vel nas bandeiras da ilha do Fogo &#8211; Fausto do Ros\u00e1rio"},"content":{"rendered":"\n<p><strong>O professor Fausto do Ros\u00e1rio destacou a import\u00e2ncia do \u201cPilon\u201d como um dos rituais mais representativos das festas tradicionais da ilha do Fogo, conhecidas como &#8220;bandeiras&#8221;, sendo parte essencial da prepara\u00e7\u00e3o do xer\u00e9m, prato central destas celebra\u00e7\u00f5es.<\/strong><\/p>\n\n\n\n<p>Em declara\u00e7\u00f5es \u00e0 Inforpress, come\u00e7ou por explicar que as festas de Santo e de Romaria, presentes em todo o territ\u00f3rio nacional, assumem na ilha do Fogo uma designa\u00e7\u00e3o espec\u00edfica, &#8220;bandeiras&#8221;.<\/p>\n\n\n\n<p>Esta denomina\u00e7\u00e3o, segundo disse, est\u00e1 relacionada com o estandarte que representa cada santo, carregado e desfraldado durante os dias festivos e, por vezes, mantido em exposi\u00e7\u00e3o mesmo ap\u00f3s o encerramento da celebra\u00e7\u00e3o.&nbsp;<\/p>\n\n\n\n<p>Ao contr\u00e1rio de outras festas que se concentram no &#8220;dia grande&#8221;, as bandeiras do Fogo caracterizam-se por uma prepara\u00e7\u00e3o mais extensa, com especial destaque para a confec\u00e7\u00e3o do xer\u00e9m, um prato \u00e0 base de milho pilado, que exige v\u00e1rios dias de prepara\u00e7\u00e3o, processo esse que culmina no ritual do pil\u00e3o, pr\u00e1tica ancestral que conjuga trabalho f\u00edsico com express\u00e3o cultural, musical e comunit\u00e1ria.<\/p>\n\n\n\n<p>Segundo Fausto do Ros\u00e1rio, o pil\u00e3o vai muito al\u00e9m da simples tarefa de esmagar milho, \u00e9 um ritual profundamente enraizado na tradi\u00e7\u00e3o da ilha, marcado por ritmo, m\u00fasica, c\u00e2nticos e improvisa\u00e7\u00f5es.&nbsp;<\/p>\n\n\n\n<p>\u201cS\u00e3o tr\u00eas pessoas trabalhando no pil\u00e3o ao mesmo tempo a marca\u00e7\u00e3o do ritmo, atrav\u00e9s de um compasso que n\u00f3s chamamos colecha, feito na borda do pil\u00e3o, aos quais depois se junta o som do tambor, a coladeira ou colador, portanto, aquele que puxa, digamos assim, a cantiga, improvisando, e as restantes coladeiras que fazem o baix\u00e3o, isto \u00e9, que \u00e9 o coro que tamb\u00e9m vai acompanhando isso\u201d, explicou.<\/p>\n\n\n\n<p>Por outro lado, sublinha que o pil\u00e3o \u00e9 tamb\u00e9m espa\u00e7o de desafio e criatividade, onde tamboreiros e coladeiras se revezam, improvisando letras que evocam mem\u00f3rias de festas passadas ou exaltam os festeiros do presente.<\/p>\n\n\n\n<p>\u201c\u00c9 indispens\u00e1vel, \u00e9 um ritual que existe em todas as bandeiras, portanto, quer no interior da ilha, quer tamb\u00e9m na cidade, o pil\u00e3o \u00e9 indispens\u00e1vel, varia, portanto, podemos ter nas bandeiras menores, realiza-se durante dois a tr\u00eas dias e nas de maior dimens\u00e3o pode durar at\u00e9 sete dias\u201d, afirmou.&nbsp;<\/p>\n\n\n\n<p>No entanto, alertou para o que considera ser uma tend\u00eancia excessiva, porque \u201choje h\u00e1 festas onde o pil\u00e3o chega a durar oito ou dez dias, o que \u00e9 um exagero e retira autenticidade ao ritual, que deve respeitar os seus limites tradicionais\u201d.&nbsp;<\/p>\n\n\n\n<p>Esclareceu ainda que o n\u00famero de dias e a dimens\u00e3o da celebra\u00e7\u00e3o dependem do festeiro, dos recursos dispon\u00edveis e do impacto da bandeira na comunidade, ou seja, h\u00e1 bandeiras que envolvem toda uma localidade e outras que chegam a mobilizar a ilha inteira, como \u00e9 o caso das festas de S\u00e3o Filipe.<\/p>\n\n\n\n<p>Fausto do Ros\u00e1rio explicou ainda a distin\u00e7\u00e3o entre a componente tradicional da bandeira de origem multissecular e as comemora\u00e7\u00f5es mais recentes do Dia do Munic\u00edpio.&nbsp;<\/p>\n\n\n\n<p>A Festa de S\u00e3o Filipe, enquanto express\u00e3o religiosa e cultural, foi originalmente institu\u00edda como Festa da Ilha pelo vice-rei, sendo celebrada de forma obrigat\u00f3ria tanto na ilha do Fogo como em Santiago, durante os dias consagrados a S\u00e3o Filipe e S\u00e3o Tiago.<\/p>\n\n\n\n<figure class=\"wp-block-embed is-type-video is-provider-youtube wp-block-embed-youtube wp-embed-aspect-16-9 wp-has-aspect-ratio\"><div class=\"wp-block-embed__wrapper\">\n<iframe title=\"Pil\u00e3o \u201cPilon\u201d ritual indispens\u00e1vel nas bandeiras da ilha do Fogo - professor Fausto do Ros\u00e1rio.\" width=\"500\" height=\"281\" src=\"https:\/\/www.youtube.com\/embed\/GFad3n9Kb24?start=67&#038;feature=oembed\" frameborder=\"0\" allow=\"accelerometer; autoplay; clipboard-write; encrypted-media; gyroscope; picture-in-picture; web-share\" referrerpolicy=\"strict-origin-when-cross-origin\" allowfullscreen><\/iframe>\n<\/div><\/figure>\n","protected":false},"excerpt":{"rendered":"<p>O professor Fausto do Ros\u00e1rio destacou a import\u00e2ncia do \u201cPilon\u201d como um dos rituais mais representativos das festas tradicionais da ilha do Fogo, conhecidas como &#8220;bandeiras&#8221;, sendo parte essencial da prepara\u00e7\u00e3o do xer\u00e9m, prato central destas celebra\u00e7\u00f5es. Em declara\u00e7\u00f5es \u00e0 Inforpress, come\u00e7ou por explicar que as festas de Santo e de Romaria, presentes em todo<br \/><a class=\"moretag\" href=\"https:\/\/radiocomercial.cv\/?p=2137\">+ Read More<\/a><\/p>\n","protected":false},"author":2,"featured_media":2138,"comment_status":"open","ping_status":"open","sticky":false,"template":"","format":"standard","meta":{"footnotes":""},"categories":[6],"tags":[],"class_list":["post-2137","post","type-post","status-publish","format-standard","has-post-thumbnail","hentry","category-noticias"],"featured_image_src":"https:\/\/radiocomercial.cv\/wp-content\/uploads\/2025\/04\/Pilon_Sao-Filipe-2025.jpg","featured_image_src_square":"https:\/\/radiocomercial.cv\/wp-content\/uploads\/2025\/04\/Pilon_Sao-Filipe-2025.jpg","author_info":{"display_name":"Radio Comercial","author_link":"https:\/\/radiocomercial.cv\/?author=2"},"rbea_author_info":{"display_name":"Radio Comercial","author_link":"https:\/\/radiocomercial.cv\/?author=2"},"rbea_excerpt_info":"O professor Fausto do Ros\u00e1rio destacou a import\u00e2ncia do \u201cPilon\u201d como um dos rituais mais representativos das festas tradicionais da ilha do Fogo, conhecidas como &#8220;bandeiras&#8221;, sendo parte essencial da prepara\u00e7\u00e3o do xer\u00e9m, prato central destas celebra\u00e7\u00f5es. Em declara\u00e7\u00f5es \u00e0 Inforpress, come\u00e7ou por explicar que as festas de Santo e de Romaria, presentes em todo<br><a class=\"moretag\" href=\"https:\/\/radiocomercial.cv\/?p=2137\">+ Read More<\/a>","category_list":"<a href=\"https:\/\/radiocomercial.cv\/?cat=6\" rel=\"category\">Noticias<\/a>","comments_num":"0 comments","_links":{"self":[{"href":"https:\/\/radiocomercial.cv\/index.php?rest_route=\/wp\/v2\/posts\/2137","targetHints":{"allow":["GET"]}}],"collection":[{"href":"https:\/\/radiocomercial.cv\/index.php?rest_route=\/wp\/v2\/posts"}],"about":[{"href":"https:\/\/radiocomercial.cv\/index.php?rest_route=\/wp\/v2\/types\/post"}],"author":[{"embeddable":true,"href":"https:\/\/radiocomercial.cv\/index.php?rest_route=\/wp\/v2\/users\/2"}],"replies":[{"embeddable":true,"href":"https:\/\/radiocomercial.cv\/index.php?rest_route=%2Fwp%2Fv2%2Fcomments&post=2137"}],"version-history":[{"count":1,"href":"https:\/\/radiocomercial.cv\/index.php?rest_route=\/wp\/v2\/posts\/2137\/revisions"}],"predecessor-version":[{"id":2139,"href":"https:\/\/radiocomercial.cv\/index.php?rest_route=\/wp\/v2\/posts\/2137\/revisions\/2139"}],"wp:featuredmedia":[{"embeddable":true,"href":"https:\/\/radiocomercial.cv\/index.php?rest_route=\/wp\/v2\/media\/2138"}],"wp:attachment":[{"href":"https:\/\/radiocomercial.cv\/index.php?rest_route=%2Fwp%2Fv2%2Fmedia&parent=2137"}],"wp:term":[{"taxonomy":"category","embeddable":true,"href":"https:\/\/radiocomercial.cv\/index.php?rest_route=%2Fwp%2Fv2%2Fcategories&post=2137"},{"taxonomy":"post_tag","embeddable":true,"href":"https:\/\/radiocomercial.cv\/index.php?rest_route=%2Fwp%2Fv2%2Ftags&post=2137"}],"curies":[{"name":"wp","href":"https:\/\/api.w.org\/{rel}","templated":true}]}}