{"id":2140,"date":"2025-04-30T12:47:13","date_gmt":"2025-04-30T12:47:13","guid":{"rendered":"https:\/\/radiocomercial.cv\/?p=2140"},"modified":"2025-04-30T12:47:14","modified_gmt":"2025-04-30T12:47:14","slug":"fattu-djakite-convidada-especial-dos-cvma-2025","status":"publish","type":"post","link":"https:\/\/radiocomercial.cv\/?p=2140","title":{"rendered":"\u200bFatt\u00fa Djakit\u00e9 convidada especial dos CVMA 2025"},"content":{"rendered":"\n<p><strong>A cantora e compositora Fatt\u00fa Djakit\u00e9 \u00e9 a segunda convidada especial da 14\u00aa gala dos Cabo Verde Music Awards, que acontece no dia 7 de Junho, no Porto da Cidade da Praia.<\/strong><\/p>\n\n\n\n<p>Segundo a organiza\u00e7\u00e3o dos CVMA, Fatt\u00fa Djakit\u00e9 far\u00e1 uma actua\u00e7\u00e3o vibrante, \u00fanica e memor\u00e1vel, numa viagem entre a m\u00fasica que marcou a hist\u00f3ria dos seus dois pa\u00edses e o seu repert\u00f3rio rico e variado.&nbsp;<\/p>\n\n\n\n<p>Nascida na Guin\u00e9-Bissau e criada em Cabo Verde, Fatt\u00fa Djakit\u00e9 \u00e9 hoje uma refer\u00eancia incontorn\u00e1vel da nova gera\u00e7\u00e3o de m\u00fasicos lus\u00f3fonos. Cantora, compositora, artista visual e activista social, destacou-se desde cedo pelo seu talento e pela for\u00e7a da sua mensagem.<\/p>\n\n\n\n<p>O seu percurso art\u00edstico teve in\u00edcio em 2008, com a participa\u00e7\u00e3o no programa Ver\u00e3o 2008, e ganhou destaque em 2012 ao conquistar o terceiro lugar no concurso Estrela Pop em Cabo Verde.<\/p>\n\n\n\n<p>Desde ent\u00e3o, Fatt\u00fa Djakit\u00e9 lan\u00e7ou o seu primeiro single em 2015, seguiu-se o \u00e1lbum de estreia em 2017, produzido por Maur\u00edcio Pacheco no Brasil, e consolidou uma carreira marcada pela autenticidade e inova\u00e7\u00e3o.<\/p>\n\n\n\n<p>Em 2019, fundou a banda Az\u00e1gua e representou Cabo Verde na Expo Dubai&nbsp;2020, refor\u00e7ando a sua proje\u00e7\u00e3o internacional.<\/p>\n\n\n\n<p>Em 2023, com o seu disco&nbsp;<em>Praia-Bissau&nbsp;<\/em>(lan\u00e7ado em 2022) venceu o trof\u00e9u de&nbsp;Int\u00e9rprete Feminina do Ano CVMA e a inclus\u00e3o na lista das 100 personalidades lus\u00f3fonas mais influentes pela plataforma Bantumen.<\/p>\n\n\n\n<p>Paralelamente, Fatt\u00fa Djakit\u00e9 \u00e9 uma voz activa em causas sociais e uma ponte multicultural entre dois pa\u00edses irm\u00e3os &#8211;&nbsp; Guin\u00e9 e Cabo Verde.<\/p>\n\n\n\n<p>\u201cE s\u00e3o esses dois pa\u00edses, que lutaram juntos pela conquista da Independ\u00eancia&nbsp;que Fatt\u00fa Djakit\u00e9 vai representar no palco dos CVMA, neste ano t\u00e3o especial de celebra\u00e7\u00e3o de meio s\u00e9culo de Independ\u00eancia\u201d, relata a organiza\u00e7\u00e3o.&nbsp;<\/p>\n","protected":false},"excerpt":{"rendered":"<p>A cantora e compositora Fatt\u00fa Djakit\u00e9 \u00e9 a segunda convidada especial da 14\u00aa gala dos Cabo Verde Music Awards, que acontece no dia 7 de Junho, no Porto da Cidade da Praia. Segundo a organiza\u00e7\u00e3o dos CVMA, Fatt\u00fa Djakit\u00e9 far\u00e1 uma actua\u00e7\u00e3o vibrante, \u00fanica e memor\u00e1vel, numa viagem entre a m\u00fasica que marcou a hist\u00f3ria<br \/><a class=\"moretag\" href=\"https:\/\/radiocomercial.cv\/?p=2140\">+ Read More<\/a><\/p>\n","protected":false},"author":2,"featured_media":2141,"comment_status":"open","ping_status":"open","sticky":false,"template":"","format":"standard","meta":{"footnotes":""},"categories":[6],"tags":[],"class_list":["post-2140","post","type-post","status-publish","format-standard","has-post-thumbnail","hentry","category-noticias"],"featured_image_src":"https:\/\/radiocomercial.cv\/wp-content\/uploads\/2025\/04\/Fattu-Djakite-convidada-especial-dos-CVMA-2025.png","featured_image_src_square":"https:\/\/radiocomercial.cv\/wp-content\/uploads\/2025\/04\/Fattu-Djakite-convidada-especial-dos-CVMA-2025.png","author_info":{"display_name":"Radio Comercial","author_link":"https:\/\/radiocomercial.cv\/?author=2"},"rbea_author_info":{"display_name":"Radio Comercial","author_link":"https:\/\/radiocomercial.cv\/?author=2"},"rbea_excerpt_info":"A cantora e compositora Fatt\u00fa Djakit\u00e9 \u00e9 a segunda convidada especial da 14\u00aa gala dos Cabo Verde Music Awards, que acontece no dia 7 de Junho, no Porto da Cidade da Praia. Segundo a organiza\u00e7\u00e3o dos CVMA, Fatt\u00fa Djakit\u00e9 far\u00e1 uma actua\u00e7\u00e3o vibrante, \u00fanica e memor\u00e1vel, numa viagem entre a m\u00fasica que marcou a hist\u00f3ria<br><a class=\"moretag\" href=\"https:\/\/radiocomercial.cv\/?p=2140\">+ Read More<\/a>","category_list":"<a href=\"https:\/\/radiocomercial.cv\/?cat=6\" rel=\"category\">Noticias<\/a>","comments_num":"0 comments","_links":{"self":[{"href":"https:\/\/radiocomercial.cv\/index.php?rest_route=\/wp\/v2\/posts\/2140","targetHints":{"allow":["GET"]}}],"collection":[{"href":"https:\/\/radiocomercial.cv\/index.php?rest_route=\/wp\/v2\/posts"}],"about":[{"href":"https:\/\/radiocomercial.cv\/index.php?rest_route=\/wp\/v2\/types\/post"}],"author":[{"embeddable":true,"href":"https:\/\/radiocomercial.cv\/index.php?rest_route=\/wp\/v2\/users\/2"}],"replies":[{"embeddable":true,"href":"https:\/\/radiocomercial.cv\/index.php?rest_route=%2Fwp%2Fv2%2Fcomments&post=2140"}],"version-history":[{"count":1,"href":"https:\/\/radiocomercial.cv\/index.php?rest_route=\/wp\/v2\/posts\/2140\/revisions"}],"predecessor-version":[{"id":2142,"href":"https:\/\/radiocomercial.cv\/index.php?rest_route=\/wp\/v2\/posts\/2140\/revisions\/2142"}],"wp:featuredmedia":[{"embeddable":true,"href":"https:\/\/radiocomercial.cv\/index.php?rest_route=\/wp\/v2\/media\/2141"}],"wp:attachment":[{"href":"https:\/\/radiocomercial.cv\/index.php?rest_route=%2Fwp%2Fv2%2Fmedia&parent=2140"}],"wp:term":[{"taxonomy":"category","embeddable":true,"href":"https:\/\/radiocomercial.cv\/index.php?rest_route=%2Fwp%2Fv2%2Fcategories&post=2140"},{"taxonomy":"post_tag","embeddable":true,"href":"https:\/\/radiocomercial.cv\/index.php?rest_route=%2Fwp%2Fv2%2Ftags&post=2140"}],"curies":[{"name":"wp","href":"https:\/\/api.w.org\/{rel}","templated":true}]}}