{"id":2143,"date":"2025-04-30T18:31:08","date_gmt":"2025-04-30T18:31:08","guid":{"rendered":"https:\/\/radiocomercial.cv\/?p=2143"},"modified":"2025-04-30T18:31:09","modified_gmt":"2025-04-30T18:31:09","slug":"garantia-lanca-iv-edicao-do-premio-garantia-comunidade","status":"publish","type":"post","link":"https:\/\/radiocomercial.cv\/?p=2143","title":{"rendered":"Garantia lan\u00e7a IV Edi\u00e7\u00e3o do Pr\u00e9mio Garantia Comunidade"},"content":{"rendered":"\n<p><strong>A companhia de seguros Garantia lan\u00e7ou na segunda-feira, 28, a IV Edi\u00e7\u00e3o do Pr\u00e9mio Garantia Comunidade, sob o lema \u201cCompromisso Cont\u00ednuo Com a Comunidade, Para Que a Vida N\u00e3o Pare\u201d. A iniciativa reafirma o empenho da seguradora em promover a inclus\u00e3o social e o desenvolvimento sustent\u00e1vel em Cabo Verde.<\/strong><\/p>\n\n\n\n<p>Com um montante total de quatro mil contos, o pr\u00e9mio ser\u00e1 atribu\u00eddo a institui\u00e7\u00f5es e associa\u00e7\u00f5es de cariz social, sem fins lucrativos, que desenvolvam projectos nas \u00e1reas da inclus\u00e3o de pessoas com defici\u00eancia e da preven\u00e7\u00e3o em sa\u00fade, com especial enfoque na inf\u00e2ncia.<\/p>\n\n\n\n<p>As candidaturas decorrem de 30 de Abril a 31 de Julho de 2025, e podem concorrer todas as organiza\u00e7\u00f5es que preencham os seguintes crit\u00e9rios: actua\u00e7\u00e3o em territ\u00f3rio nacional, constitui\u00e7\u00e3o legal e registo em Cabo Verde, sede ou estabelecimento est\u00e1vel no pa\u00eds, e projectos com in\u00edcio previsto dentro do horizonte temporal definido pelo pr\u00e9mio.<\/p>\n\n\n\n<p>Segundo a Garantia, esta iniciativa integra-se no seu ADN humanista, que valoriza o impacto social e a constru\u00e7\u00e3o de uma sociedade mais justa e inclusiva. Ao longo das edi\u00e7\u00f5es anteriores, o Pr\u00e9mio Garantia Comunidade tem financiado projectos que promovem mudan\u00e7as concretas e duradouras em comunidades vulner\u00e1veis, avan\u00e7a Expresso das ilhas.<\/p>\n\n\n\n<p>Com esta quarta edi\u00e7\u00e3o, a Garantia renova o seu compromisso de contribuir ativamente para o bem-estar coletivo, refor\u00e7ando a sua posi\u00e7\u00e3o como empresa socialmente respons\u00e1vel em Cabo Verde.<\/p>\n","protected":false},"excerpt":{"rendered":"<p>A companhia de seguros Garantia lan\u00e7ou na segunda-feira, 28, a IV Edi\u00e7\u00e3o do Pr\u00e9mio Garantia Comunidade, sob o lema \u201cCompromisso Cont\u00ednuo Com a Comunidade, Para Que a Vida N\u00e3o Pare\u201d. A iniciativa reafirma o empenho da seguradora em promover a inclus\u00e3o social e o desenvolvimento sustent\u00e1vel em Cabo Verde. Com um montante total de quatro<br \/><a class=\"moretag\" href=\"https:\/\/radiocomercial.cv\/?p=2143\">+ Read More<\/a><\/p>\n","protected":false},"author":2,"featured_media":2144,"comment_status":"open","ping_status":"open","sticky":false,"template":"","format":"standard","meta":{"footnotes":""},"categories":[6],"tags":[],"class_list":["post-2143","post","type-post","status-publish","format-standard","has-post-thumbnail","hentry","category-noticias"],"featured_image_src":"https:\/\/radiocomercial.cv\/wp-content\/uploads\/2025\/04\/Garantia-lanca-IV-Edicao-do-Premio-Garantia-Comunidade.jpg","featured_image_src_square":"https:\/\/radiocomercial.cv\/wp-content\/uploads\/2025\/04\/Garantia-lanca-IV-Edicao-do-Premio-Garantia-Comunidade.jpg","author_info":{"display_name":"Radio Comercial","author_link":"https:\/\/radiocomercial.cv\/?author=2"},"rbea_author_info":{"display_name":"Radio Comercial","author_link":"https:\/\/radiocomercial.cv\/?author=2"},"rbea_excerpt_info":"A companhia de seguros Garantia lan\u00e7ou na segunda-feira, 28, a IV Edi\u00e7\u00e3o do Pr\u00e9mio Garantia Comunidade, sob o lema \u201cCompromisso Cont\u00ednuo Com a Comunidade, Para Que a Vida N\u00e3o Pare\u201d. A iniciativa reafirma o empenho da seguradora em promover a inclus\u00e3o social e o desenvolvimento sustent\u00e1vel em Cabo Verde. Com um montante total de quatro<br><a class=\"moretag\" href=\"https:\/\/radiocomercial.cv\/?p=2143\">+ Read More<\/a>","category_list":"<a href=\"https:\/\/radiocomercial.cv\/?cat=6\" rel=\"category\">Noticias<\/a>","comments_num":"0 comments","_links":{"self":[{"href":"https:\/\/radiocomercial.cv\/index.php?rest_route=\/wp\/v2\/posts\/2143","targetHints":{"allow":["GET"]}}],"collection":[{"href":"https:\/\/radiocomercial.cv\/index.php?rest_route=\/wp\/v2\/posts"}],"about":[{"href":"https:\/\/radiocomercial.cv\/index.php?rest_route=\/wp\/v2\/types\/post"}],"author":[{"embeddable":true,"href":"https:\/\/radiocomercial.cv\/index.php?rest_route=\/wp\/v2\/users\/2"}],"replies":[{"embeddable":true,"href":"https:\/\/radiocomercial.cv\/index.php?rest_route=%2Fwp%2Fv2%2Fcomments&post=2143"}],"version-history":[{"count":1,"href":"https:\/\/radiocomercial.cv\/index.php?rest_route=\/wp\/v2\/posts\/2143\/revisions"}],"predecessor-version":[{"id":2145,"href":"https:\/\/radiocomercial.cv\/index.php?rest_route=\/wp\/v2\/posts\/2143\/revisions\/2145"}],"wp:featuredmedia":[{"embeddable":true,"href":"https:\/\/radiocomercial.cv\/index.php?rest_route=\/wp\/v2\/media\/2144"}],"wp:attachment":[{"href":"https:\/\/radiocomercial.cv\/index.php?rest_route=%2Fwp%2Fv2%2Fmedia&parent=2143"}],"wp:term":[{"taxonomy":"category","embeddable":true,"href":"https:\/\/radiocomercial.cv\/index.php?rest_route=%2Fwp%2Fv2%2Fcategories&post=2143"},{"taxonomy":"post_tag","embeddable":true,"href":"https:\/\/radiocomercial.cv\/index.php?rest_route=%2Fwp%2Fv2%2Ftags&post=2143"}],"curies":[{"name":"wp","href":"https:\/\/api.w.org\/{rel}","templated":true}]}}