{"id":2146,"date":"2025-05-06T16:36:06","date_gmt":"2025-05-06T16:36:06","guid":{"rendered":"https:\/\/radiocomercial.cv\/?p=2146"},"modified":"2025-05-06T16:36:08","modified_gmt":"2025-05-06T16:36:08","slug":"veronica-lii-lanca-je-taime-a-la-folie-em-homenagem-a-prima-que-sofria-de-alopecia","status":"publish","type":"post","link":"https:\/\/radiocomercial.cv\/?p=2146","title":{"rendered":"Ver\u00f3nica Lii lan\u00e7a \u201cJe t\u2019aime \u00e0 la folie\u201d em homenagem \u00e0 prima que sofria de alopecia"},"content":{"rendered":"\n<p><strong>A cantora Ver\u00f3nica \u00a0Lii lan\u00e7a, esta sexta-feira, nas plataformas digitais, o seu novo \u2018single\u2019 intitulado \u201cJe t\u2019aime \u00e0 la folie\u201d, em homenagem \u00e0 prima que sofria de alopecia.<\/strong><\/p>\n\n\n\n<p>A artista contou \u00e0 Inforpress que o \u2018single\u2019 nasceu da viv\u00eancia da sua prima, que, ainda em crian\u00e7a, viajou para a Europa para tratar problemas card\u00edacos, mas com o tempo come\u00e7ou a sofrer de queda de cabelo, situa\u00e7\u00e3o que afectou profundamente a sua autoestima.<\/p>\n\n\n\n<p>\u201cEla come\u00e7ou a perder o cabelo aos poucos e, durante anos, os m\u00e9dicos n\u00e3o conseguiam encontrar um diagn\u00f3stico preciso. Isso afectou muito o seu bem-estar emocional. A m\u00fasica surge como uma forma de transformar essa hist\u00f3ria em arte e inspira\u00e7\u00e3o\u201d, disse Ver\u00f3nica &nbsp;Lii.<\/p>\n\n\n\n<p>A cantora explicou ainda que, al\u00e9m da homenagem, a m\u00fasica tem como prop\u00f3sito desconstruir a ideia de que a beleza est\u00e1 exclusivamente ligada ao cabelo ou \u00e0 apar\u00eancia f\u00edsica.<\/p>\n\n\n\n<p>\u201cQueremos mostrar que uma pessoa \u00e9 muito mais do que o cabelo que tem. Hoje, a minha prima anda com a cabe\u00e7a descoberta, com orgulho, e usa peruca apenas como acess\u00f3rio, quando quer. Isso \u00e9 um sinal de for\u00e7a e de autoestima recuperada\u201d, real\u00e7ou.<\/p>\n\n\n\n<p>A int\u00e9rprete, que avan\u00e7ou que muitas mulheres e homens v\u00eam enfrentando esta realidade, admite que o tema ainda \u00e9 pouco falado na sociedade da\u00ed a necessidade de dar a conhecer.<\/p>\n\n\n\n<p>\u201cA m\u00fasica \u00e9 uma ferramenta poderosa de cura e transforma\u00e7\u00e3o social. Uma simples piada pode magoar profundamente. Precisamos parar com isso e dar mais for\u00e7a a quem passa por essas situa\u00e7\u00f5es\u201d, afirmou.<\/p>\n\n\n\n<p>A artista, que tem abordado frequentemente tem\u00e1ticas sociais na sua carreira, recordou que h\u00e1 cerca de cinco meses lan\u00e7ou a m\u00fasica \u201cMi s\u00f3\u201d, que trata da depress\u00e3o e sa\u00fade mental, refor\u00e7ando o seu compromisso em usar a arte como forma de sensibiliza\u00e7\u00e3o e empoderamento.<\/p>\n\n\n\n<p>O videoclipe da m\u00fasica, segundo a mesma, tamb\u00e9m conta com elementos reais da hist\u00f3ria e pretende refor\u00e7ar a mensagem de supera\u00e7\u00e3o, amor verdadeiro e aceita\u00e7\u00e3o pessoal.<\/p>\n\n\n\n<p>\u201cEsta m\u00fasica \u00e9 uma chamada de aten\u00e7\u00e3o para todos. Vivemos numa \u00e9poca em que se valoriza mais o material do que a ess\u00eancia das pessoas. Precisamos voltar \u00e0s ra\u00edzes e valorizar o car\u00e1ter, o respeito e o amor pr\u00f3prio\u201d, concluiu.<\/p>\n","protected":false},"excerpt":{"rendered":"<p>A cantora Ver\u00f3nica \u00a0Lii lan\u00e7a, esta sexta-feira, nas plataformas digitais, o seu novo \u2018single\u2019 intitulado \u201cJe t\u2019aime \u00e0 la folie\u201d, em homenagem \u00e0 prima que sofria de alopecia. A artista contou \u00e0 Inforpress que o \u2018single\u2019 nasceu da viv\u00eancia da sua prima, que, ainda em crian\u00e7a, viajou para a Europa para tratar problemas card\u00edacos, mas<br \/><a class=\"moretag\" href=\"https:\/\/radiocomercial.cv\/?p=2146\">+ Read More<\/a><\/p>\n","protected":false},"author":2,"featured_media":2147,"comment_status":"open","ping_status":"open","sticky":false,"template":"","format":"standard","meta":{"footnotes":""},"categories":[6],"tags":[],"class_list":["post-2146","post","type-post","status-publish","format-standard","has-post-thumbnail","hentry","category-noticias"],"featured_image_src":"https:\/\/radiocomercial.cv\/wp-content\/uploads\/2025\/05\/Monica_Lii-2025.jpg","featured_image_src_square":"https:\/\/radiocomercial.cv\/wp-content\/uploads\/2025\/05\/Monica_Lii-2025.jpg","author_info":{"display_name":"Radio Comercial","author_link":"https:\/\/radiocomercial.cv\/?author=2"},"rbea_author_info":{"display_name":"Radio Comercial","author_link":"https:\/\/radiocomercial.cv\/?author=2"},"rbea_excerpt_info":"A cantora Ver\u00f3nica \u00a0Lii lan\u00e7a, esta sexta-feira, nas plataformas digitais, o seu novo \u2018single\u2019 intitulado \u201cJe t\u2019aime \u00e0 la folie\u201d, em homenagem \u00e0 prima que sofria de alopecia. A artista contou \u00e0 Inforpress que o \u2018single\u2019 nasceu da viv\u00eancia da sua prima, que, ainda em crian\u00e7a, viajou para a Europa para tratar problemas card\u00edacos, mas<br><a class=\"moretag\" href=\"https:\/\/radiocomercial.cv\/?p=2146\">+ Read More<\/a>","category_list":"<a href=\"https:\/\/radiocomercial.cv\/?cat=6\" rel=\"category\">Noticias<\/a>","comments_num":"0 comments","_links":{"self":[{"href":"https:\/\/radiocomercial.cv\/index.php?rest_route=\/wp\/v2\/posts\/2146","targetHints":{"allow":["GET"]}}],"collection":[{"href":"https:\/\/radiocomercial.cv\/index.php?rest_route=\/wp\/v2\/posts"}],"about":[{"href":"https:\/\/radiocomercial.cv\/index.php?rest_route=\/wp\/v2\/types\/post"}],"author":[{"embeddable":true,"href":"https:\/\/radiocomercial.cv\/index.php?rest_route=\/wp\/v2\/users\/2"}],"replies":[{"embeddable":true,"href":"https:\/\/radiocomercial.cv\/index.php?rest_route=%2Fwp%2Fv2%2Fcomments&post=2146"}],"version-history":[{"count":1,"href":"https:\/\/radiocomercial.cv\/index.php?rest_route=\/wp\/v2\/posts\/2146\/revisions"}],"predecessor-version":[{"id":2148,"href":"https:\/\/radiocomercial.cv\/index.php?rest_route=\/wp\/v2\/posts\/2146\/revisions\/2148"}],"wp:featuredmedia":[{"embeddable":true,"href":"https:\/\/radiocomercial.cv\/index.php?rest_route=\/wp\/v2\/media\/2147"}],"wp:attachment":[{"href":"https:\/\/radiocomercial.cv\/index.php?rest_route=%2Fwp%2Fv2%2Fmedia&parent=2146"}],"wp:term":[{"taxonomy":"category","embeddable":true,"href":"https:\/\/radiocomercial.cv\/index.php?rest_route=%2Fwp%2Fv2%2Fcategories&post=2146"},{"taxonomy":"post_tag","embeddable":true,"href":"https:\/\/radiocomercial.cv\/index.php?rest_route=%2Fwp%2Fv2%2Ftags&post=2146"}],"curies":[{"name":"wp","href":"https:\/\/api.w.org\/{rel}","templated":true}]}}