{"id":2149,"date":"2025-05-06T16:43:42","date_gmt":"2025-05-06T16:43:42","guid":{"rendered":"https:\/\/radiocomercial.cv\/?p=2149"},"modified":"2025-05-06T16:43:43","modified_gmt":"2025-05-06T16:43:43","slug":"selma-uamusse-e-convidada-da-14a-edicao-dos-cabo-verde-music-awards","status":"publish","type":"post","link":"https:\/\/radiocomercial.cv\/?p=2149","title":{"rendered":"Selma Uamusse \u00e9 convidada da 14\u00aa edi\u00e7\u00e3o dos Cabo Verde Music Awards"},"content":{"rendered":"\n<p><strong>A cantora e compositora Selma Uamusse \u00e9 a terceira convidada especial da 14\u00aa edi\u00e7\u00e3o dos Cabo Verde Music Awards, que se realiza no dia 7 de Junho, no Porto da Cidade da Praia, segundo anunciou a organiza\u00e7\u00e3o do evento.<\/strong><\/p>\n\n\n\n<p>De acordo com a organiza\u00e7\u00e3o, a actua\u00e7\u00e3o de Selma Uamusse ser\u00e1 mais do que um espect\u00e1culo musical, ser\u00e1 tamb\u00e9m uma homenagem partilhada \u00e0 resist\u00eancia, \u00e0 liberdade e \u00e0 esperan\u00e7a dos povos mo\u00e7ambicano e cabo-verdiano.<\/p>\n\n\n\n<p>\u201cNo palco dos CVMA 2025, Selma Uamusse promete levar o p\u00fablico numa viagem intensa, feita de ra\u00edzes, celebra\u00e7\u00e3o e emo\u00e7\u00e3o, num dos momentos mais simb\u00f3licos desta 14\u00aa edi\u00e7\u00e3o\u201d, destaca a organiza\u00e7\u00e3o.<\/p>\n\n\n\n<p>Al\u00e9m de Selma Uamusse, actuar\u00e3o tamb\u00e9m na gala Paulo de Carvalho, Fattu Djakit\u00e9 e outros artistas, que ser\u00e3o anunciados posteriormente.<\/p>\n\n\n\n<p>\u201cEste ano, a sua presen\u00e7a nos Cabo Verde Music Awards adquire um significado especial: em Junho de 2025, Mo\u00e7ambique celebra os 50 anos da sua independ\u00eancia, seguindo-se Cabo Verde a 5 de Julho. Dois pa\u00edses irm\u00e3os, unidos pela hist\u00f3ria de luta pela liberdade e pela afirma\u00e7\u00e3o da identidade africana\u201d, sublinha a nota.<\/p>\n\n\n\n<p>Nascida em Maputo, Mo\u00e7ambique, e radicada em Portugal desde 1988, Selma Uamusse \u00e9 hoje uma das vozes mais poderosas e magn\u00e9ticas da m\u00fasica lus\u00f3fona.<\/p>\n\n\n\n<p>Cantora, compositora, autora e performer, a sua arte \u00e9 uma celebra\u00e7\u00e3o vibrante das ra\u00edzes africanas, da liberdade de express\u00e3o e da for\u00e7a da cultura como instrumento de transforma\u00e7\u00e3o social.<\/p>\n\n\n\n<p>Selma trocou a engenharia pela m\u00fasica e construiu um percurso \u00edmpar, marcado pela autenticidade e pela busca constante de novas linguagens art\u00edsticas.<\/p>\n\n\n\n<p>A sua m\u00fasica atravessa as polirritmias tradicionais mo\u00e7ambicanas, incorpora l\u00ednguas ancestrais como o changana e o chope, e dialoga com sonoridades contempor\u00e2neas como o rock, o afrobeat, a eletr\u00f3nica e o experimental.<\/p>\n\n\n\n<p>Em 2018, lan\u00e7ou o seu \u00e1lbum de estreia,&nbsp;<em>Mati<\/em>, uma viagem emocional e geogr\u00e1fica \u00e0 sua Mo\u00e7ambique natal, que conquistou a cr\u00edtica e o p\u00fablico, com mais de 60 concertos em palcos prestigiados pelo mundo.<\/p>\n\n\n\n<p>Em 2020, com&nbsp;<em>Liwoningo,<\/em>&nbsp;\u201cluz\u201d, em chope, refor\u00e7ou a sua identidade art\u00edstica e a celebra\u00e7\u00e3o da africanidade, colaborando com m\u00fasicos como Bixiga 70 (Brasil) e Mbye Ebrima (G\u00e2mbia).<\/p>\n\n\n\n<p>A sua forma\u00e7\u00e3o no Hot Clube de Portugal, a participa\u00e7\u00e3o em projectos emblem\u00e1ticos como WrayGunn, Gospel Collective e Rodrigo Le\u00e3o, e as colabora\u00e7\u00f5es com artistas como Ana Bacalhau, The Legendary Tigerman e Moullinex atestam a sua versatilidade e excel\u00eancia art\u00edstica.<\/p>\n\n\n\n<p>Mais do que m\u00fasica, Selma Uamusse representa ativismo, f\u00e9 e compaix\u00e3o. Acredita na m\u00fasica como ve\u00edculo de mudan\u00e7a, promovendo valores de justi\u00e7a, liberdade, empatia e esperan\u00e7a, numa vis\u00e3o do mundo como uma aldeia global.<\/p>\n","protected":false},"excerpt":{"rendered":"<p>A cantora e compositora Selma Uamusse \u00e9 a terceira convidada especial da 14\u00aa edi\u00e7\u00e3o dos Cabo Verde Music Awards, que se realiza no dia 7 de Junho, no Porto da Cidade da Praia, segundo anunciou a organiza\u00e7\u00e3o do evento. De acordo com a organiza\u00e7\u00e3o, a actua\u00e7\u00e3o de Selma Uamusse ser\u00e1 mais do que um espect\u00e1culo<br \/><a class=\"moretag\" href=\"https:\/\/radiocomercial.cv\/?p=2149\">+ Read More<\/a><\/p>\n","protected":false},"author":2,"featured_media":2150,"comment_status":"open","ping_status":"open","sticky":false,"template":"","format":"standard","meta":{"footnotes":""},"categories":[6],"tags":[],"class_list":["post-2149","post","type-post","status-publish","format-standard","has-post-thumbnail","hentry","category-noticias"],"featured_image_src":"https:\/\/radiocomercial.cv\/wp-content\/uploads\/2025\/05\/Selma-Uamusse-convida-CVMA-2025.png","featured_image_src_square":"https:\/\/radiocomercial.cv\/wp-content\/uploads\/2025\/05\/Selma-Uamusse-convida-CVMA-2025.png","author_info":{"display_name":"Radio Comercial","author_link":"https:\/\/radiocomercial.cv\/?author=2"},"rbea_author_info":{"display_name":"Radio Comercial","author_link":"https:\/\/radiocomercial.cv\/?author=2"},"rbea_excerpt_info":"A cantora e compositora Selma Uamusse \u00e9 a terceira convidada especial da 14\u00aa edi\u00e7\u00e3o dos Cabo Verde Music Awards, que se realiza no dia 7 de Junho, no Porto da Cidade da Praia, segundo anunciou a organiza\u00e7\u00e3o do evento. De acordo com a organiza\u00e7\u00e3o, a actua\u00e7\u00e3o de Selma Uamusse ser\u00e1 mais do que um espect\u00e1culo<br><a class=\"moretag\" href=\"https:\/\/radiocomercial.cv\/?p=2149\">+ Read More<\/a>","category_list":"<a href=\"https:\/\/radiocomercial.cv\/?cat=6\" rel=\"category\">Noticias<\/a>","comments_num":"0 comments","_links":{"self":[{"href":"https:\/\/radiocomercial.cv\/index.php?rest_route=\/wp\/v2\/posts\/2149","targetHints":{"allow":["GET"]}}],"collection":[{"href":"https:\/\/radiocomercial.cv\/index.php?rest_route=\/wp\/v2\/posts"}],"about":[{"href":"https:\/\/radiocomercial.cv\/index.php?rest_route=\/wp\/v2\/types\/post"}],"author":[{"embeddable":true,"href":"https:\/\/radiocomercial.cv\/index.php?rest_route=\/wp\/v2\/users\/2"}],"replies":[{"embeddable":true,"href":"https:\/\/radiocomercial.cv\/index.php?rest_route=%2Fwp%2Fv2%2Fcomments&post=2149"}],"version-history":[{"count":1,"href":"https:\/\/radiocomercial.cv\/index.php?rest_route=\/wp\/v2\/posts\/2149\/revisions"}],"predecessor-version":[{"id":2151,"href":"https:\/\/radiocomercial.cv\/index.php?rest_route=\/wp\/v2\/posts\/2149\/revisions\/2151"}],"wp:featuredmedia":[{"embeddable":true,"href":"https:\/\/radiocomercial.cv\/index.php?rest_route=\/wp\/v2\/media\/2150"}],"wp:attachment":[{"href":"https:\/\/radiocomercial.cv\/index.php?rest_route=%2Fwp%2Fv2%2Fmedia&parent=2149"}],"wp:term":[{"taxonomy":"category","embeddable":true,"href":"https:\/\/radiocomercial.cv\/index.php?rest_route=%2Fwp%2Fv2%2Fcategories&post=2149"},{"taxonomy":"post_tag","embeddable":true,"href":"https:\/\/radiocomercial.cv\/index.php?rest_route=%2Fwp%2Fv2%2Ftags&post=2149"}],"curies":[{"name":"wp","href":"https:\/\/api.w.org\/{rel}","templated":true}]}}