{"id":2152,"date":"2025-05-06T18:27:30","date_gmt":"2025-05-06T18:27:30","guid":{"rendered":"https:\/\/radiocomercial.cv\/?p=2152"},"modified":"2025-05-06T18:27:31","modified_gmt":"2025-05-06T18:27:31","slug":"v-edicao-encantar-cabo-verde-celebra-excelencia-no-atendimento-com-premios-e-conferencias","status":"publish","type":"post","link":"https:\/\/radiocomercial.cv\/?p=2152","title":{"rendered":"V edi\u00e7\u00e3o Encantar Cabo Verde celebra excel\u00eancia no atendimento com pr\u00e9mios e confer\u00eancias"},"content":{"rendered":"\n<p><strong>A plataforma Encantar Cabo Verde, promovida pela En\u00e9rgica Assessoria e Forma\u00e7\u00e3o, realiza no s\u00e1bado, 10, a sua quinta edi\u00e7\u00e3o do evento, que re\u00fane profissionais do atendimento para um dia de partilha, reconhecimento e inova\u00e7\u00e3o.<\/strong><\/p>\n\n\n\n<p>De acordo com uma nota de imprensa, a V edi\u00e7\u00e3o do Encantar Cabo Verde acontece no dia 10 de Maio, no campus da Universidade de Cabo Verde, Palmarejo Grande, cidade da Praia, num evento organizado anualmente pela En\u00e9rgica Assessoria e Forma\u00e7\u00e3o, que visa a promo\u00e7\u00e3o de boas pr\u00e1ticas, disseminar ideias inspiradoras e motivar os profissionais para um atendimento mais humanizado e eficiente.<\/p>\n\n\n\n<p>A iniciativa conta com uma programa\u00e7\u00e3o diversificada, assinalada com representa\u00e7\u00e3o de oito a 10 palestrantes, incluindo um convidado na \u00e1rea da inova\u00e7\u00e3o.<\/p>\n\n\n\n<p>Conforme consta ainda na nota, est\u00e3o previstas tr\u00eas confer\u00eancias laterais com nove conferencistas, e no primeiro painel vai se debater o tema \u201cDireitos e Deveres dos consumidos\u201d sob a curadoria da ADECO.<\/p>\n\n\n\n<p>O segundo painel \u201cA imagem e a Etiqueta Profissional\u201d estar\u00e1 sob a curadoria do estilista Cinzo Gamboa, e o terceiro painel vai ser anunciado em breve.<\/p>\n\n\n\n<p>Consta na lista dos palestrantes o antigo Presidente da Rep\u00fablica, Jorge Carlos Fonseca, que se junta ao empres\u00e1rio Luzito Veiga, aos m\u00fasicos Garry, Mayra Silva e o reverendo David Ara\u00fajo, Marly Fernandes, o actor Jo\u00e3o Pereira (Tikai), S\u00f3nia Fortes, o soci\u00f3logo Nardi Sousa e Alector Timas.<\/p>\n\n\n\n<p>A organiza\u00e7\u00e3o anseia a candidatura de mais 20 concorrentes para um lugar no Top 20, que este ano conta com o pr\u00e9mio de 150.000 escudos cabo-verdianos para o primeiro classificado, avan\u00e7a \u00e0 Inforpress.<\/p>\n\n\n\n<p>De acordo com a organiza\u00e7\u00e3o, o evento tem ainda como miss\u00e3o reconhecer, valorizar, premiar e distinguir os profissionais com o selo Casa Amiga do Cliente (CAC), chancela de qualidade que vai ser entregue \u00e0s pessoas singulares e pessoas colectivas\/empresas pela qualidade e inova\u00e7\u00e3o a n\u00edvel do atendimento ao p\u00fablico.<\/p>\n\n\n\n<p>Al\u00e9m das confer\u00eancias e entrega de pr\u00e9mios, o evento incluiu stands, exposi\u00e7\u00f5es de produtos e actua\u00e7\u00f5es musicais com a participa\u00e7\u00e3o da Ana Mileida e Heran\u00e7a Di Nos Terra.<\/p>\n","protected":false},"excerpt":{"rendered":"<p>A plataforma Encantar Cabo Verde, promovida pela En\u00e9rgica Assessoria e Forma\u00e7\u00e3o, realiza no s\u00e1bado, 10, a sua quinta edi\u00e7\u00e3o do evento, que re\u00fane profissionais do atendimento para um dia de partilha, reconhecimento e inova\u00e7\u00e3o. De acordo com uma nota de imprensa, a V edi\u00e7\u00e3o do Encantar Cabo Verde acontece no dia 10 de Maio, no<br \/><a class=\"moretag\" href=\"https:\/\/radiocomercial.cv\/?p=2152\">+ Read More<\/a><\/p>\n","protected":false},"author":2,"featured_media":0,"comment_status":"open","ping_status":"open","sticky":false,"template":"","format":"standard","meta":{"footnotes":""},"categories":[6],"tags":[],"class_list":["post-2152","post","type-post","status-publish","format-standard","hentry","category-noticias"],"featured_image_src":false,"featured_image_src_square":false,"author_info":{"display_name":"Radio Comercial","author_link":"https:\/\/radiocomercial.cv\/?author=2"},"rbea_author_info":{"display_name":"Radio Comercial","author_link":"https:\/\/radiocomercial.cv\/?author=2"},"rbea_excerpt_info":"A plataforma Encantar Cabo Verde, promovida pela En\u00e9rgica Assessoria e Forma\u00e7\u00e3o, realiza no s\u00e1bado, 10, a sua quinta edi\u00e7\u00e3o do evento, que re\u00fane profissionais do atendimento para um dia de partilha, reconhecimento e inova\u00e7\u00e3o. De acordo com uma nota de imprensa, a V edi\u00e7\u00e3o do Encantar Cabo Verde acontece no dia 10 de Maio, no<br><a class=\"moretag\" href=\"https:\/\/radiocomercial.cv\/?p=2152\">+ Read More<\/a>","category_list":"<a href=\"https:\/\/radiocomercial.cv\/?cat=6\" rel=\"category\">Noticias<\/a>","comments_num":"0 comments","_links":{"self":[{"href":"https:\/\/radiocomercial.cv\/index.php?rest_route=\/wp\/v2\/posts\/2152","targetHints":{"allow":["GET"]}}],"collection":[{"href":"https:\/\/radiocomercial.cv\/index.php?rest_route=\/wp\/v2\/posts"}],"about":[{"href":"https:\/\/radiocomercial.cv\/index.php?rest_route=\/wp\/v2\/types\/post"}],"author":[{"embeddable":true,"href":"https:\/\/radiocomercial.cv\/index.php?rest_route=\/wp\/v2\/users\/2"}],"replies":[{"embeddable":true,"href":"https:\/\/radiocomercial.cv\/index.php?rest_route=%2Fwp%2Fv2%2Fcomments&post=2152"}],"version-history":[{"count":1,"href":"https:\/\/radiocomercial.cv\/index.php?rest_route=\/wp\/v2\/posts\/2152\/revisions"}],"predecessor-version":[{"id":2153,"href":"https:\/\/radiocomercial.cv\/index.php?rest_route=\/wp\/v2\/posts\/2152\/revisions\/2153"}],"wp:attachment":[{"href":"https:\/\/radiocomercial.cv\/index.php?rest_route=%2Fwp%2Fv2%2Fmedia&parent=2152"}],"wp:term":[{"taxonomy":"category","embeddable":true,"href":"https:\/\/radiocomercial.cv\/index.php?rest_route=%2Fwp%2Fv2%2Fcategories&post=2152"},{"taxonomy":"post_tag","embeddable":true,"href":"https:\/\/radiocomercial.cv\/index.php?rest_route=%2Fwp%2Fv2%2Ftags&post=2152"}],"curies":[{"name":"wp","href":"https:\/\/api.w.org\/{rel}","templated":true}]}}