{"id":2154,"date":"2025-05-07T12:32:19","date_gmt":"2025-05-07T12:32:19","guid":{"rendered":"https:\/\/radiocomercial.cv\/?p=2154"},"modified":"2025-05-07T13:49:27","modified_gmt":"2025-05-07T13:49:27","slug":"cremilda-medina-no-festival-des-cultures-em-differdange-luxemburgo","status":"publish","type":"post","link":"https:\/\/radiocomercial.cv\/?p=2154","title":{"rendered":"\u200bCremilda Medina no Festival des Cultures em Differdange, Luxemburgo"},"content":{"rendered":"\n<p><strong>A cantora cabo-verdiana Cremilda Medina vai levar a alma e a cultura de Cabo Verde ao \u201cFestival des Cultures\u201d, em Differdange, no Luxemburgo, que acontece nos dias 17 e 18 deste m\u00eas. O evento celebra a diversidade cultural com m\u00fasica, actividades familiares e gastronomia.<\/strong><\/p>\n\n\n\n<p>Cremilda Medina sobe ao palco do Festival des Cultures \u00e0s 19h30 de domingo, 18, para o espect\u00e1culo que encerra a edi\u00e7\u00e3o deste ano do festival. Segundo uma nota enviada \u00e0 imprensa, o espect\u00e1culo de Cremilda promete ser mais do que uma simples apresenta\u00e7\u00e3o musical: \u201cser\u00e1 um verdadeiro encontro com a alma de Cabo Verde\u201d.<\/p>\n\n\n\n<p>\u201cMais do que uma int\u00e9rprete de morna e coladeira, Cremilda Medina \u00e9 uma voz que carrega as hist\u00f3rias, as emo\u00e7\u00f5es e o orgulho do povo de Cabo Verde. Atrav\u00e9s da sua arte, Cremilda tem-se afirmado como uma embaixadora da cultura cabo-verdiana, levando ao mundo o som, a identidade e a mem\u00f3ria das ilhas, com um profundo respeito pelas suas ra\u00edzes e um amor genu\u00edno pelo seu povo\u201d, destaca a nota.<\/p>\n\n\n\n<p>A cantora revelou ainda que vai apresentar um espect\u00e1culo intimista. \u201cVou estar acompanhada por duas guitarras e uma percuss\u00e3o\/bateria. Ser\u00e1 um espect\u00e1culo onde o p\u00fablico ser\u00e1 convidado a mergulhar numa experi\u00eancia sensorial \u00fanica, onde a simplicidade do formato d\u00e1 espa\u00e7o \u00e0 intensidade das emo\u00e7\u00f5es\u2026\u201d, partilhou.<\/p>\n\n\n\n<p>De acordo com o seu manager, a voz delicada e poderosa de Cremilda Medina contar\u00e1 hist\u00f3rias de amor, saudade e resist\u00eancia, sentimentos universais que ganham corpo na morna, Patrim\u00f3nio Cultural Imaterial da Humanidade, avan\u00e7a Expresso das ilhas.<\/p>\n\n\n\n<p>Ainda segundo o manager, a presen\u00e7a da artista no Festival des Cultures refor\u00e7a a import\u00e2ncia da arte como ponte entre culturas e da m\u00fasica como instrumento de afirma\u00e7\u00e3o de identidades num mundo cada vez mais globalizado.<\/p>\n\n\n\n<p>\u201cSendo Differdange uma cidade onde reside uma vasta e significativa comunidade cabo-verdiana e portuguesa, este espet\u00e1culo tem um valor afetivo e identit\u00e1rio inestim\u00e1vel, uma vez que n\u00e3o ser\u00e1 apenas mais um concerto, mas tamb\u00e9m um reencontro com as origens, com a mem\u00f3ria coletiva e com o calor das culturas lus\u00f3fonas\u201d, acrescenta.<\/p>\n\n\n\n<p>O festival \u00e9 organizado pela cidade de Differdange e, no ano passado, celebrou o seu 30.\u00ba anivers\u00e1rio.<\/p>\n\n\n\n<p>De recordar que, recentemente, Cremilda Medina foi distinguida com duas honrarias internacionais nos Estados Unidos: uma pela cidade de Pawtucket, em Rhode Island, e outra pela C\u00e2mara dos Representantes da Comunidade de Massachusetts. As distin\u00e7\u00f5es reconhecem os seus contributos para a m\u00fasica e cultura cabo-verdianas, destacando as suas conquistas, autenticidade, talento e profunda liga\u00e7\u00e3o ao seu pa\u00eds.<\/p>\n\n\n\n<p><\/p>\n","protected":false},"excerpt":{"rendered":"<p>A cantora cabo-verdiana Cremilda Medina vai levar a alma e a cultura de Cabo Verde ao \u201cFestival des Cultures\u201d, em Differdange, no Luxemburgo, que acontece nos dias 17 e 18 deste m\u00eas. O evento celebra a diversidade cultural com m\u00fasica, actividades familiares e gastronomia. Cremilda Medina sobe ao palco do Festival des Cultures \u00e0s 19h30<br \/><a class=\"moretag\" href=\"https:\/\/radiocomercial.cv\/?p=2154\">+ Read More<\/a><\/p>\n","protected":false},"author":2,"featured_media":2157,"comment_status":"open","ping_status":"open","sticky":false,"template":"","format":"standard","meta":{"footnotes":""},"categories":[6],"tags":[],"class_list":["post-2154","post","type-post","status-publish","format-standard","has-post-thumbnail","hentry","category-noticias"],"featured_image_src":"https:\/\/radiocomercial.cv\/wp-content\/uploads\/2025\/05\/Cremilda_Medina-2025.jpg","featured_image_src_square":"https:\/\/radiocomercial.cv\/wp-content\/uploads\/2025\/05\/Cremilda_Medina-2025.jpg","author_info":{"display_name":"Radio Comercial","author_link":"https:\/\/radiocomercial.cv\/?author=2"},"rbea_author_info":{"display_name":"Radio Comercial","author_link":"https:\/\/radiocomercial.cv\/?author=2"},"rbea_excerpt_info":"A cantora cabo-verdiana Cremilda Medina vai levar a alma e a cultura de Cabo Verde ao \u201cFestival des Cultures\u201d, em Differdange, no Luxemburgo, que acontece nos dias 17 e 18 deste m\u00eas. O evento celebra a diversidade cultural com m\u00fasica, actividades familiares e gastronomia. Cremilda Medina sobe ao palco do Festival des Cultures \u00e0s 19h30<br><a class=\"moretag\" href=\"https:\/\/radiocomercial.cv\/?p=2154\">+ Read More<\/a>","category_list":"<a href=\"https:\/\/radiocomercial.cv\/?cat=6\" rel=\"category\">Noticias<\/a>","comments_num":"0 comments","_links":{"self":[{"href":"https:\/\/radiocomercial.cv\/index.php?rest_route=\/wp\/v2\/posts\/2154","targetHints":{"allow":["GET"]}}],"collection":[{"href":"https:\/\/radiocomercial.cv\/index.php?rest_route=\/wp\/v2\/posts"}],"about":[{"href":"https:\/\/radiocomercial.cv\/index.php?rest_route=\/wp\/v2\/types\/post"}],"author":[{"embeddable":true,"href":"https:\/\/radiocomercial.cv\/index.php?rest_route=\/wp\/v2\/users\/2"}],"replies":[{"embeddable":true,"href":"https:\/\/radiocomercial.cv\/index.php?rest_route=%2Fwp%2Fv2%2Fcomments&post=2154"}],"version-history":[{"count":1,"href":"https:\/\/radiocomercial.cv\/index.php?rest_route=\/wp\/v2\/posts\/2154\/revisions"}],"predecessor-version":[{"id":2156,"href":"https:\/\/radiocomercial.cv\/index.php?rest_route=\/wp\/v2\/posts\/2154\/revisions\/2156"}],"wp:featuredmedia":[{"embeddable":true,"href":"https:\/\/radiocomercial.cv\/index.php?rest_route=\/wp\/v2\/media\/2157"}],"wp:attachment":[{"href":"https:\/\/radiocomercial.cv\/index.php?rest_route=%2Fwp%2Fv2%2Fmedia&parent=2154"}],"wp:term":[{"taxonomy":"category","embeddable":true,"href":"https:\/\/radiocomercial.cv\/index.php?rest_route=%2Fwp%2Fv2%2Fcategories&post=2154"},{"taxonomy":"post_tag","embeddable":true,"href":"https:\/\/radiocomercial.cv\/index.php?rest_route=%2Fwp%2Fv2%2Ftags&post=2154"}],"curies":[{"name":"wp","href":"https:\/\/api.w.org\/{rel}","templated":true}]}}