{"id":2203,"date":"2025-05-28T12:41:54","date_gmt":"2025-05-28T12:41:54","guid":{"rendered":"https:\/\/radiocomercial.cv\/?p=2203"},"modified":"2025-05-28T12:41:57","modified_gmt":"2025-05-28T12:41:57","slug":"praia-acolhe-encontro-de-quadros-maienses-no-sabado","status":"publish","type":"post","link":"https:\/\/radiocomercial.cv\/?p=2203","title":{"rendered":"Praia acolhe \u201cEncontro de Quadros Maienses\u201d no s\u00e1bado"},"content":{"rendered":"\n<p><strong>A cidade da Praia acolhe no s\u00e1bado, 31, a primeira edi\u00e7\u00e3o do \u201cEncontro de Quadros Maienses\u201d, que pretende reunir quadros da ilha do Maio residentes na capital, com o objectivo de reflectir o desenvolvimento da ilha.<\/strong><\/p>\n\n\n\n<p>Conforme avan\u00e7ou o presidente do Movimento Independente Maiense (MIM), Nelson Ramos, a iniciativa surge com o prop\u00f3sito de contribuir para o desenvolvimento sustent\u00e1vel da ilha do Maio, promovendo o interc\u00e2mbio de conhecimento e experi\u00eancia entre os participantes, com vista ao fortalecimento das comunidades.<\/p>\n\n\n\n<p>\u201cH\u00e1 uma desconex\u00e3o entre os quadros profissionais que, ao sa\u00edrem da ilha do Maio, acabam por se afastar e j\u00e1 n\u00e3o regressam para dar o seu contributo como cidad\u00e3os. Queremos estreitar la\u00e7os entre os quadros e aproxim\u00e1-los novamente da ilha\u201d, explicou, justificando a escolha da cidade da Praia por concentrar a maioria desses profissionais.<\/p>\n\n\n\n<p>O evento, segundo a mesma fonte, destina-se a quadros, estudantes universit\u00e1rios, empres\u00e1rios e l\u00edderes comunit\u00e1rios naturais da ilha, que, juntos, poder\u00e3o analisar o tipo de contributo que as respectivas \u00e1reas profissionais podem oferecer ao desenvolvimento do Maio, avan\u00e7a \u00e0 Inforpress.<\/p>\n\n\n\n<p>Nelson Ramos espera que o encontro resulte em propostas concretas de projectos capazes de transformar a din\u00e2mica social e econ\u00f3mica da ilha, atrav\u00e9s do estabelecimento de redes de coopera\u00e7\u00e3o e conex\u00f5es profissionais.<\/p>\n\n\n\n<p>A sess\u00e3o de abertura do evento, que ir\u00e1 decorrer no Techpark, ficar\u00e1 a cargo do Presidente da Rep\u00fablica, Jos\u00e9 Maria Neves, e o programa inclui momentos dedicados \u00e0 hist\u00f3ria da ilha do Maio, apresenta\u00e7\u00e3o de dados estat\u00edsticos, pain\u00e9is tem\u00e1ticos e sess\u00f5es de trabalho.<\/p>\n\n\n\n<p>No final do encontro, ap\u00f3s a discuss\u00e3o e apresenta\u00e7\u00e3o de propostas e solu\u00e7\u00f5es para a ilha, ser\u00e1 elaborado um documento que formaliza o compromisso dos participantes em desenvolver projetos concretos no Maio.<\/p>\n","protected":false},"excerpt":{"rendered":"<p>A cidade da Praia acolhe no s\u00e1bado, 31, a primeira edi\u00e7\u00e3o do \u201cEncontro de Quadros Maienses\u201d, que pretende reunir quadros da ilha do Maio residentes na capital, com o objectivo de reflectir o desenvolvimento da ilha. Conforme avan\u00e7ou o presidente do Movimento Independente Maiense (MIM), Nelson Ramos, a iniciativa surge com o prop\u00f3sito de contribuir<br \/><a class=\"moretag\" href=\"https:\/\/radiocomercial.cv\/?p=2203\">+ Read More<\/a><\/p>\n","protected":false},"author":2,"featured_media":2204,"comment_status":"open","ping_status":"open","sticky":false,"template":"","format":"standard","meta":{"footnotes":""},"categories":[6],"tags":[],"class_list":["post-2203","post","type-post","status-publish","format-standard","has-post-thumbnail","hentry","category-noticias"],"featured_image_src":"https:\/\/radiocomercial.cv\/wp-content\/uploads\/2025\/05\/Quadros_Maienses_Praia-2025.jpg","featured_image_src_square":"https:\/\/radiocomercial.cv\/wp-content\/uploads\/2025\/05\/Quadros_Maienses_Praia-2025.jpg","author_info":{"display_name":"Radio Comercial","author_link":"https:\/\/radiocomercial.cv\/?author=2"},"rbea_author_info":{"display_name":"Radio Comercial","author_link":"https:\/\/radiocomercial.cv\/?author=2"},"rbea_excerpt_info":"A cidade da Praia acolhe no s\u00e1bado, 31, a primeira edi\u00e7\u00e3o do \u201cEncontro de Quadros Maienses\u201d, que pretende reunir quadros da ilha do Maio residentes na capital, com o objectivo de reflectir o desenvolvimento da ilha. Conforme avan\u00e7ou o presidente do Movimento Independente Maiense (MIM), Nelson Ramos, a iniciativa surge com o prop\u00f3sito de contribuir<br><a class=\"moretag\" href=\"https:\/\/radiocomercial.cv\/?p=2203\">+ Read More<\/a>","category_list":"<a href=\"https:\/\/radiocomercial.cv\/?cat=6\" rel=\"category\">Noticias<\/a>","comments_num":"0 comments","_links":{"self":[{"href":"https:\/\/radiocomercial.cv\/index.php?rest_route=\/wp\/v2\/posts\/2203","targetHints":{"allow":["GET"]}}],"collection":[{"href":"https:\/\/radiocomercial.cv\/index.php?rest_route=\/wp\/v2\/posts"}],"about":[{"href":"https:\/\/radiocomercial.cv\/index.php?rest_route=\/wp\/v2\/types\/post"}],"author":[{"embeddable":true,"href":"https:\/\/radiocomercial.cv\/index.php?rest_route=\/wp\/v2\/users\/2"}],"replies":[{"embeddable":true,"href":"https:\/\/radiocomercial.cv\/index.php?rest_route=%2Fwp%2Fv2%2Fcomments&post=2203"}],"version-history":[{"count":1,"href":"https:\/\/radiocomercial.cv\/index.php?rest_route=\/wp\/v2\/posts\/2203\/revisions"}],"predecessor-version":[{"id":2205,"href":"https:\/\/radiocomercial.cv\/index.php?rest_route=\/wp\/v2\/posts\/2203\/revisions\/2205"}],"wp:featuredmedia":[{"embeddable":true,"href":"https:\/\/radiocomercial.cv\/index.php?rest_route=\/wp\/v2\/media\/2204"}],"wp:attachment":[{"href":"https:\/\/radiocomercial.cv\/index.php?rest_route=%2Fwp%2Fv2%2Fmedia&parent=2203"}],"wp:term":[{"taxonomy":"category","embeddable":true,"href":"https:\/\/radiocomercial.cv\/index.php?rest_route=%2Fwp%2Fv2%2Fcategories&post=2203"},{"taxonomy":"post_tag","embeddable":true,"href":"https:\/\/radiocomercial.cv\/index.php?rest_route=%2Fwp%2Fv2%2Ftags&post=2203"}],"curies":[{"name":"wp","href":"https:\/\/api.w.org\/{rel}","templated":true}]}}