{"id":2209,"date":"2025-06-04T18:34:25","date_gmt":"2025-06-04T18:34:25","guid":{"rendered":"https:\/\/radiocomercial.cv\/?p=2209"},"modified":"2025-06-04T18:34:27","modified_gmt":"2025-06-04T18:34:27","slug":"centro-de-saude-de-cidade-velha-alerta-para-aumento-de-casos-de-covid-19-e-apela-a-prevencao","status":"publish","type":"post","link":"https:\/\/radiocomercial.cv\/?p=2209","title":{"rendered":"Centro de Sa\u00fade de Cidade Velha alerta para aumento de casos de COVID-19 e apela \u00e0 preven\u00e7\u00e3o"},"content":{"rendered":"\n<p><strong>O Centro de Sa\u00fade de Cidade Velha alertou esta ter\u00e7a-feira para o aumento de casos de COVID-19 e apelou \u00e0 popula\u00e7\u00e3o para refor\u00e7ar as medidas de preven\u00e7\u00e3o e conter a propaga\u00e7\u00e3o do v\u00edrus.<\/strong><\/p>\n\n\n\n<p>Num comunicado publicado na sua p\u00e1gina do Facebook, as autoridades de sa\u00fade locais recomendam a higieniza\u00e7\u00e3o frequente das m\u00e3os com \u00e1gua e sab\u00e3o ou \u00e1lcool em gel.<\/p>\n\n\n\n<p>Tamb\u00e9m apelam ao uso de m\u00e1scara em ambientes fechados ou com aglomera\u00e7\u00e3o, o distanciamento social e evitar sair de casa se estiver com sintomas gripais, avan\u00e7a Expresso das ilhas.<\/p>\n\n\n\n<p>De referir que Cabo Verde registou o primeiro caso de COVID-19 em Mar\u00e7o de 2020.<\/p>\n\n\n\n<p>Segundo o site<a href=\"https:\/\/covid19.cv\/\">&nbsp;covid19.cv&nbsp;<\/a>h\u00e1 actualmente 49 casos activos da doen\u00e7a.<\/p>\n\n\n\n<p><\/p>\n","protected":false},"excerpt":{"rendered":"<p>O Centro de Sa\u00fade de Cidade Velha alertou esta ter\u00e7a-feira para o aumento de casos de COVID-19 e apelou \u00e0 popula\u00e7\u00e3o para refor\u00e7ar as medidas de preven\u00e7\u00e3o e conter a propaga\u00e7\u00e3o do v\u00edrus. Num comunicado publicado na sua p\u00e1gina do Facebook, as autoridades de sa\u00fade locais recomendam a higieniza\u00e7\u00e3o frequente das m\u00e3os com \u00e1gua e<br \/><a class=\"moretag\" href=\"https:\/\/radiocomercial.cv\/?p=2209\">+ Read More<\/a><\/p>\n","protected":false},"author":2,"featured_media":2210,"comment_status":"open","ping_status":"open","sticky":false,"template":"","format":"standard","meta":{"footnotes":""},"categories":[6],"tags":[],"class_list":["post-2209","post","type-post","status-publish","format-standard","has-post-thumbnail","hentry","category-noticias"],"featured_image_src":"https:\/\/radiocomercial.cv\/wp-content\/uploads\/2025\/06\/Centro-Saude-Cidade-Velha-2025.jpeg","featured_image_src_square":"https:\/\/radiocomercial.cv\/wp-content\/uploads\/2025\/06\/Centro-Saude-Cidade-Velha-2025.jpeg","author_info":{"display_name":"Radio Comercial","author_link":"https:\/\/radiocomercial.cv\/?author=2"},"rbea_author_info":{"display_name":"Radio Comercial","author_link":"https:\/\/radiocomercial.cv\/?author=2"},"rbea_excerpt_info":"O Centro de Sa\u00fade de Cidade Velha alertou esta ter\u00e7a-feira para o aumento de casos de COVID-19 e apelou \u00e0 popula\u00e7\u00e3o para refor\u00e7ar as medidas de preven\u00e7\u00e3o e conter a propaga\u00e7\u00e3o do v\u00edrus. Num comunicado publicado na sua p\u00e1gina do Facebook, as autoridades de sa\u00fade locais recomendam a higieniza\u00e7\u00e3o frequente das m\u00e3os com \u00e1gua e<br><a class=\"moretag\" href=\"https:\/\/radiocomercial.cv\/?p=2209\">+ Read More<\/a>","category_list":"<a href=\"https:\/\/radiocomercial.cv\/?cat=6\" rel=\"category\">Noticias<\/a>","comments_num":"0 comments","_links":{"self":[{"href":"https:\/\/radiocomercial.cv\/index.php?rest_route=\/wp\/v2\/posts\/2209","targetHints":{"allow":["GET"]}}],"collection":[{"href":"https:\/\/radiocomercial.cv\/index.php?rest_route=\/wp\/v2\/posts"}],"about":[{"href":"https:\/\/radiocomercial.cv\/index.php?rest_route=\/wp\/v2\/types\/post"}],"author":[{"embeddable":true,"href":"https:\/\/radiocomercial.cv\/index.php?rest_route=\/wp\/v2\/users\/2"}],"replies":[{"embeddable":true,"href":"https:\/\/radiocomercial.cv\/index.php?rest_route=%2Fwp%2Fv2%2Fcomments&post=2209"}],"version-history":[{"count":1,"href":"https:\/\/radiocomercial.cv\/index.php?rest_route=\/wp\/v2\/posts\/2209\/revisions"}],"predecessor-version":[{"id":2211,"href":"https:\/\/radiocomercial.cv\/index.php?rest_route=\/wp\/v2\/posts\/2209\/revisions\/2211"}],"wp:featuredmedia":[{"embeddable":true,"href":"https:\/\/radiocomercial.cv\/index.php?rest_route=\/wp\/v2\/media\/2210"}],"wp:attachment":[{"href":"https:\/\/radiocomercial.cv\/index.php?rest_route=%2Fwp%2Fv2%2Fmedia&parent=2209"}],"wp:term":[{"taxonomy":"category","embeddable":true,"href":"https:\/\/radiocomercial.cv\/index.php?rest_route=%2Fwp%2Fv2%2Fcategories&post=2209"},{"taxonomy":"post_tag","embeddable":true,"href":"https:\/\/radiocomercial.cv\/index.php?rest_route=%2Fwp%2Fv2%2Ftags&post=2209"}],"curies":[{"name":"wp","href":"https:\/\/api.w.org\/{rel}","templated":true}]}}