{"id":2212,"date":"2025-06-06T12:11:25","date_gmt":"2025-06-06T12:11:25","guid":{"rendered":"https:\/\/radiocomercial.cv\/?p=2212"},"modified":"2025-06-06T12:12:03","modified_gmt":"2025-06-06T12:12:03","slug":"eris-celebra-dia-mundial-da-seguranca-alimentar-com-actividades-educativas-em-escolas-primarias","status":"publish","type":"post","link":"https:\/\/radiocomercial.cv\/?p=2212","title":{"rendered":"ERIS celebra Dia Mundial da Seguran\u00e7a Alimentar com actividades educativas em escolas prim\u00e1rias"},"content":{"rendered":"\n<p><strong>A Entidade Reguladora Independente da Sa\u00fade (ERIS) promove hoje um conjunto de actividades educativas em tr\u00eas escolas prim\u00e1rias na Praia e em S\u00e3o Vicente em comemora\u00e7\u00e3o ao Dia Mundial da Seguran\u00e7a Alimentar.<\/strong><\/p>\n\n\n\n<p>Em declara\u00e7\u00f5es \u00e0 Inforpress, a administradora executiva da ERIS, Patr\u00edcia Miranda Alfama,&nbsp;avan\u00e7ou que&nbsp;as actividades ser\u00e3o realizadas na escola prim\u00e1ria Eug\u00e9nio Tavares e a escola Prim\u00e1ria 13 de Janeiro, ambas na Cidade da Praia, e a Escola Prim\u00e1ria Valentina Lopes da Silva em S\u00e3o Vicente.<\/p>\n\n\n\n<p>As ac\u00e7\u00f5es, explicou, incluem demonstra\u00e7\u00f5es cient\u00edficas interactivas, partilha de informa\u00e7\u00f5es sobre a seguran\u00e7a sanit\u00e1ria dos alimentos e uma pequena dramatiza\u00e7\u00e3o que ser\u00e1 protagonizada pelos alunos, com o objectivo de sensibilizar para os cuidados a&nbsp;ter com os alimentos no dia a dia.<\/p>\n\n\n\n<p>Salientou que atrav\u00e9s de experi\u00eancias pr\u00e1ticas, linguagem acess\u00edvel e momentos de di\u00e1logo, pretende-se promover entre as crian\u00e7as comportamentos seguros e conscientes na manipula\u00e7\u00e3o e consumo de alimentos.<\/p>\n\n\n\n<p>\u201cA iniciativa est\u00e1 alinhada ao tema definido este ano pela FAO e OMS: \u201cSeguran\u00e7a Sanit\u00e1ria dos Alimentos: Ci\u00eancia em Ac\u00e7\u00e3o\u201d e refor\u00e7a o compromisso da ERIS com a promo\u00e7\u00e3o da cultura de seguran\u00e7a alimentar em Cabo Verde, come\u00e7ando desde os primeiros anos de forma\u00e7\u00e3o escolar\u201d, real\u00e7ou.<\/p>\n\n\n\n<p>Atrav\u00e9s da experi\u00eancia pr\u00e1tica e explica\u00e7\u00f5es com abordagem did\u00e1ctica e acess\u00edveis, os t\u00e9cnicos da ERIS ir\u00e3o ilustrar os principais riscos associados \u00e0 manipula\u00e7\u00e3o e consumo de alimentos contaminados, bem como destacar o papel da ci\u00eancia na preven\u00e7\u00e3o de doen\u00e7as de origem alimentar e na protec\u00e7\u00e3o da sa\u00fade p\u00fablica.<\/p>\n\n\n\n<p>Com esta ac\u00e7\u00e3o, refor\u00e7ou Patr\u00edcia Alfama, a ERIS reafirma o seu compromisso com a promo\u00e7\u00e3o da seguran\u00e7a dos alimentos e com o envolvimento activo da sociedade civil, em especial do p\u00fablico jovem, na constru\u00e7\u00e3o de um sistema alimentar mais informado e seguro.<\/p>\n\n\n\n<p>O Dia Mundial da Seguran\u00e7a Alimentar \u00e9 celebrado anualmente a 7 de&nbsp;Junho e visa alertar para o perigo que alguns alimentos podem apresentar para o consumidor.<\/p>\n\n\n\n<p>Em 2025 o tema escolhido \u00e9 \u201cSeguran\u00e7a Alimentar: a Ci\u00eancia em Ac\u00e7\u00e3o\u201d. Assim, assinala-se o contributo fundamental da ci\u00eancia para uma alimenta\u00e7\u00e3o mais segura e para a tomada de decis\u00f5es informadas no sector alimentar.<\/p>\n\n\n\n<p>Os cientistas avaliam e analisam os riscos para a sa\u00fade humana associados a perigos de seguran\u00e7a alimentar conhecidos, estabelecidos, emergentes e antecipados, e fornecem conselhos para ajudar os decisores pol\u00edticos, as empresas do sector alimentar e os consumidores a fazerem escolhas seguras.<\/p>\n","protected":false},"excerpt":{"rendered":"<p>A Entidade Reguladora Independente da Sa\u00fade (ERIS) promove hoje um conjunto de actividades educativas em tr\u00eas escolas prim\u00e1rias na Praia e em S\u00e3o Vicente em comemora\u00e7\u00e3o ao Dia Mundial da Seguran\u00e7a Alimentar. Em declara\u00e7\u00f5es \u00e0 Inforpress, a administradora executiva da ERIS, Patr\u00edcia Miranda Alfama,&nbsp;avan\u00e7ou que&nbsp;as actividades ser\u00e3o realizadas na escola prim\u00e1ria Eug\u00e9nio Tavares e a<br \/><a class=\"moretag\" href=\"https:\/\/radiocomercial.cv\/?p=2212\">+ Read More<\/a><\/p>\n","protected":false},"author":2,"featured_media":2213,"comment_status":"open","ping_status":"open","sticky":false,"template":"","format":"standard","meta":{"footnotes":""},"categories":[6],"tags":[],"class_list":["post-2212","post","type-post","status-publish","format-standard","has-post-thumbnail","hentry","category-noticias"],"featured_image_src":"https:\/\/radiocomercial.cv\/wp-content\/uploads\/2025\/06\/ERIS-celebra-Dia-Mundial-da-Seguranca-Alimentar-com-actividades-educativas-em-escolas-primarias-2025.jpg","featured_image_src_square":"https:\/\/radiocomercial.cv\/wp-content\/uploads\/2025\/06\/ERIS-celebra-Dia-Mundial-da-Seguranca-Alimentar-com-actividades-educativas-em-escolas-primarias-2025.jpg","author_info":{"display_name":"Radio Comercial","author_link":"https:\/\/radiocomercial.cv\/?author=2"},"rbea_author_info":{"display_name":"Radio Comercial","author_link":"https:\/\/radiocomercial.cv\/?author=2"},"rbea_excerpt_info":"A Entidade Reguladora Independente da Sa\u00fade (ERIS) promove hoje um conjunto de actividades educativas em tr\u00eas escolas prim\u00e1rias na Praia e em S\u00e3o Vicente em comemora\u00e7\u00e3o ao Dia Mundial da Seguran\u00e7a Alimentar. Em declara\u00e7\u00f5es \u00e0 Inforpress, a administradora executiva da ERIS, Patr\u00edcia Miranda Alfama,&nbsp;avan\u00e7ou que&nbsp;as actividades ser\u00e3o realizadas na escola prim\u00e1ria Eug\u00e9nio Tavares e a<br><a class=\"moretag\" href=\"https:\/\/radiocomercial.cv\/?p=2212\">+ Read More<\/a>","category_list":"<a href=\"https:\/\/radiocomercial.cv\/?cat=6\" rel=\"category\">Noticias<\/a>","comments_num":"0 comments","_links":{"self":[{"href":"https:\/\/radiocomercial.cv\/index.php?rest_route=\/wp\/v2\/posts\/2212","targetHints":{"allow":["GET"]}}],"collection":[{"href":"https:\/\/radiocomercial.cv\/index.php?rest_route=\/wp\/v2\/posts"}],"about":[{"href":"https:\/\/radiocomercial.cv\/index.php?rest_route=\/wp\/v2\/types\/post"}],"author":[{"embeddable":true,"href":"https:\/\/radiocomercial.cv\/index.php?rest_route=\/wp\/v2\/users\/2"}],"replies":[{"embeddable":true,"href":"https:\/\/radiocomercial.cv\/index.php?rest_route=%2Fwp%2Fv2%2Fcomments&post=2212"}],"version-history":[{"count":2,"href":"https:\/\/radiocomercial.cv\/index.php?rest_route=\/wp\/v2\/posts\/2212\/revisions"}],"predecessor-version":[{"id":2215,"href":"https:\/\/radiocomercial.cv\/index.php?rest_route=\/wp\/v2\/posts\/2212\/revisions\/2215"}],"wp:featuredmedia":[{"embeddable":true,"href":"https:\/\/radiocomercial.cv\/index.php?rest_route=\/wp\/v2\/media\/2213"}],"wp:attachment":[{"href":"https:\/\/radiocomercial.cv\/index.php?rest_route=%2Fwp%2Fv2%2Fmedia&parent=2212"}],"wp:term":[{"taxonomy":"category","embeddable":true,"href":"https:\/\/radiocomercial.cv\/index.php?rest_route=%2Fwp%2Fv2%2Fcategories&post=2212"},{"taxonomy":"post_tag","embeddable":true,"href":"https:\/\/radiocomercial.cv\/index.php?rest_route=%2Fwp%2Fv2%2Ftags&post=2212"}],"curies":[{"name":"wp","href":"https:\/\/api.w.org\/{rel}","templated":true}]}}