{"id":2216,"date":"2025-06-06T12:38:01","date_gmt":"2025-06-06T12:38:01","guid":{"rendered":"https:\/\/radiocomercial.cv\/?p=2216"},"modified":"2025-06-06T12:38:02","modified_gmt":"2025-06-06T12:38:02","slug":"cabo-verde-music-awards-2025-reforca-compromisso-social-e-cultural-com-apoio-da-uniao-europeia","status":"publish","type":"post","link":"https:\/\/radiocomercial.cv\/?p=2216","title":{"rendered":"Cabo Verde Music Awards 2025 refor\u00e7a compromisso social e cultural com apoio da Uni\u00e3o Europeia"},"content":{"rendered":"\n<p><strong>A directora de Comunica\u00e7\u00e3o dos CVMA, Soraia de Deus, destacou na Praia que o projecto \u201cViajar com Consci\u00eancia \u00e9 Outra M\u00fasica\u201d visa promover um turismo que valorize a cultura e as comunidades locais.<\/strong><\/p>\n\n\n\n<p>A edi\u00e7\u00e3o de 2025 dos Cabo Verde Music Awards (CVMA), segundo a respons\u00e1vel, aposta na responsabilidade social e na valoriza\u00e7\u00e3o da cultura cabo-verdiana, numa parceria consolidada com a Uni\u00e3o Europeia, que se baseia na promo\u00e7\u00e3o do turismo respons\u00e1vel e no combate a causas sociais, como a viol\u00eancia de g\u00e9nero e a prote\u00e7\u00e3o de crian\u00e7as e adolescentes.&nbsp;<\/p>\n\n\n\n<p>Soraia de Deus garantiu que os preparativos para a gala, que se realiza no dia 7 de Junho no novo espa\u00e7o junto ao mar, na zona de cabotagem, est\u00e3o praticamente conclu\u00eddos.&nbsp;<\/p>\n\n\n\n<p>\u201cEste ano conseguimos criar uma sala de espet\u00e1culos vers\u00e1til e \u00fanica, com o mar como pano de fundo, simbolizando a inspira\u00e7\u00e3o que ele representa para os nossos artistas e a di\u00e1spora cabo-verdiana\u201d, afirmou.&nbsp;<\/p>\n\n\n\n<p>Relativamente \u00e0 responsabilidade social, este ano, segundo a respons\u00e1vel, \u00e9 uma continuidade dos anos anteriores, com uma sensibiliza\u00e7\u00e3o crescente dos artistas sobre o seu papel enquanto agentes de responsabilidade social.&nbsp;<\/p>\n\n\n\n<p>O projecto de responsabilidade social do CVMA 2025, intitulado \u201cViajar com Consci\u00eancia \u00e9 Outra M\u00fasica\u201d, visa sensibilizar para um turismo que valorize a cultura e as comunidades locais, ultrapassando a imagem tradicional de Cabo Verde como destino apenas de sol e praia.&nbsp;<\/p>\n\n\n\n<p>A Uni\u00e3o Europeia \u00e9 parceira financeira e estrat\u00e9gica desta iniciativa, que inclui a produ\u00e7\u00e3o de conte\u00fados por artistas e visitas a projectos comunit\u00e1rios, avan\u00e7a \u00e0 Inforpress.<\/p>\n\n\n\n<p>\u201cEste ano, n\u00e3o ignorando o fen\u00f4meno do crescimento do turismo, que j\u00e1 atinge 1,2 milh\u00f5es de turistas por ano, a import\u00e2ncia do turismo para o PIB nacional \u00e9 evidente. Assim, a nossa ideia \u00e9 trabalhar esta causa com a Uni\u00e3o Europeia\u201d, afirmou.&nbsp;<\/p>\n\n\n\n<p>Cristobal Delgado Matas, chefe da sec\u00e7\u00e3o de coopera\u00e7\u00e3o da Uni\u00e3o Europeia em Cabo Verde, destacou o papel essencial dos artistas como agentes de mudan\u00e7a e inspiradores para a juventude.&nbsp;<\/p>\n\n\n\n<p>Segundo a mesma fonte, durante os pr\u00f3ximos dias, os artistas v\u00e3o visitar iniciativas apoiadas pela Uni\u00e3o Europeia, como escolas t\u00e9cnicas, associa\u00e7\u00f5es de luta contra a viol\u00eancia de g\u00e9nero e projectos de energia renov\u00e1vel, numa ac\u00e7\u00e3o integrada no programa Global Gateway.&nbsp;<\/p>\n\n\n\n<p>\u201cA rela\u00e7\u00e3o com os artistas n\u00e3o termina na gala; pretendemos que esta colabora\u00e7\u00e3o continue ao longo do tempo, fortalecendo a liga\u00e7\u00e3o entre m\u00fasica, cultura e responsabilidade social\u201d, salientou Cristobal Delgado. Este ano, a gala realiza-se no emblem\u00e1tico Cais da Praia, junto ao mar.&nbsp;<\/p>\n\n\n\n<p>Os preparativos est\u00e3o praticamente conclu\u00eddos e o foco volta-se para a responsabilidade social, turismo sustent\u00e1vel e os 50 anos da independ\u00eancia de Cabo Verde.<\/p>\n","protected":false},"excerpt":{"rendered":"<p>A directora de Comunica\u00e7\u00e3o dos CVMA, Soraia de Deus, destacou na Praia que o projecto \u201cViajar com Consci\u00eancia \u00e9 Outra M\u00fasica\u201d visa promover um turismo que valorize a cultura e as comunidades locais. A edi\u00e7\u00e3o de 2025 dos Cabo Verde Music Awards (CVMA), segundo a respons\u00e1vel, aposta na responsabilidade social e na valoriza\u00e7\u00e3o da cultura<br \/><a class=\"moretag\" href=\"https:\/\/radiocomercial.cv\/?p=2216\">+ Read More<\/a><\/p>\n","protected":false},"author":2,"featured_media":2217,"comment_status":"open","ping_status":"open","sticky":false,"template":"","format":"standard","meta":{"footnotes":""},"categories":[6],"tags":[],"class_list":["post-2216","post","type-post","status-publish","format-standard","has-post-thumbnail","hentry","category-noticias"],"featured_image_src":"https:\/\/radiocomercial.cv\/wp-content\/uploads\/2025\/06\/CVMA-2025-reforca-compromisso-social-e-cultural-com-apoio-da-Uniao-Europeia.jpeg","featured_image_src_square":"https:\/\/radiocomercial.cv\/wp-content\/uploads\/2025\/06\/CVMA-2025-reforca-compromisso-social-e-cultural-com-apoio-da-Uniao-Europeia.jpeg","author_info":{"display_name":"Radio Comercial","author_link":"https:\/\/radiocomercial.cv\/?author=2"},"rbea_author_info":{"display_name":"Radio Comercial","author_link":"https:\/\/radiocomercial.cv\/?author=2"},"rbea_excerpt_info":"A directora de Comunica\u00e7\u00e3o dos CVMA, Soraia de Deus, destacou na Praia que o projecto \u201cViajar com Consci\u00eancia \u00e9 Outra M\u00fasica\u201d visa promover um turismo que valorize a cultura e as comunidades locais. A edi\u00e7\u00e3o de 2025 dos Cabo Verde Music Awards (CVMA), segundo a respons\u00e1vel, aposta na responsabilidade social e na valoriza\u00e7\u00e3o da cultura<br><a class=\"moretag\" href=\"https:\/\/radiocomercial.cv\/?p=2216\">+ Read More<\/a>","category_list":"<a href=\"https:\/\/radiocomercial.cv\/?cat=6\" rel=\"category\">Noticias<\/a>","comments_num":"0 comments","_links":{"self":[{"href":"https:\/\/radiocomercial.cv\/index.php?rest_route=\/wp\/v2\/posts\/2216","targetHints":{"allow":["GET"]}}],"collection":[{"href":"https:\/\/radiocomercial.cv\/index.php?rest_route=\/wp\/v2\/posts"}],"about":[{"href":"https:\/\/radiocomercial.cv\/index.php?rest_route=\/wp\/v2\/types\/post"}],"author":[{"embeddable":true,"href":"https:\/\/radiocomercial.cv\/index.php?rest_route=\/wp\/v2\/users\/2"}],"replies":[{"embeddable":true,"href":"https:\/\/radiocomercial.cv\/index.php?rest_route=%2Fwp%2Fv2%2Fcomments&post=2216"}],"version-history":[{"count":1,"href":"https:\/\/radiocomercial.cv\/index.php?rest_route=\/wp\/v2\/posts\/2216\/revisions"}],"predecessor-version":[{"id":2218,"href":"https:\/\/radiocomercial.cv\/index.php?rest_route=\/wp\/v2\/posts\/2216\/revisions\/2218"}],"wp:featuredmedia":[{"embeddable":true,"href":"https:\/\/radiocomercial.cv\/index.php?rest_route=\/wp\/v2\/media\/2217"}],"wp:attachment":[{"href":"https:\/\/radiocomercial.cv\/index.php?rest_route=%2Fwp%2Fv2%2Fmedia&parent=2216"}],"wp:term":[{"taxonomy":"category","embeddable":true,"href":"https:\/\/radiocomercial.cv\/index.php?rest_route=%2Fwp%2Fv2%2Fcategories&post=2216"},{"taxonomy":"post_tag","embeddable":true,"href":"https:\/\/radiocomercial.cv\/index.php?rest_route=%2Fwp%2Fv2%2Ftags&post=2216"}],"curies":[{"name":"wp","href":"https:\/\/api.w.org\/{rel}","templated":true}]}}