{"id":2219,"date":"2025-06-06T19:12:54","date_gmt":"2025-06-06T19:12:54","guid":{"rendered":"https:\/\/radiocomercial.cv\/?p=2219"},"modified":"2025-06-06T19:12:55","modified_gmt":"2025-06-06T19:12:55","slug":"adad-promove-actividades-de-reflexao-ambiental-no-liceu-amilcar-cabral","status":"publish","type":"post","link":"https:\/\/radiocomercial.cv\/?p=2219","title":{"rendered":"ADAD promove actividades de reflex\u00e3o ambiental no Liceu Am\u00edlcar Cabral"},"content":{"rendered":"\n<p><strong>A Associa\u00e7\u00e3o para a Defesa do Ambiente e Desenvolvimento (ADAD) promoveu hoje, um conjunto de actividades no Liceu Am\u00edlcar Cabral, para sensibilizar a comunidade educativa para as quest\u00f5es ambientais essenciais e assinalar o Dia Mundial do Ambiente.<\/strong><\/p>\n\n\n\n<p>Sob o tema \u201cO Fim da Polui\u00e7\u00e3o Pl\u00e1stica\u201d, para refor\u00e7ar a urg\u00eancia de combater a polui\u00e7\u00e3o por pl\u00e1stico e promover pr\u00e1ticas sustent\u00e1veis, Aristides Reis, membro da ADAD, explicou \u00e0 imprensa que a actividade teve como fito comemorar o Dia Mundial do Meio Ambiente, assinalado hoje.<\/p>\n\n\n\n<p>Segundo este ambientalista, tiveram a oportunidade de compartilhar informa\u00e7\u00f5es sobre os problemas globais como a polui\u00e7\u00e3o, o desmatamento, lixo e polui\u00e7\u00e3o marinha por pl\u00e1stico, com o objectivo de criar uma consci\u00eancia ecol\u00f3gica desde cedo, e formar cidad\u00e3os mais respons\u00e1veis com o planeta.<\/p>\n\n\n\n<p>Na ocasi\u00e3o, Aristides Reis ressaltou que a ADAD vem se preocupando com v\u00e1rias quest\u00f5es, mas que ultimamente, focou um pouco mais na quest\u00e3o da polui\u00e7\u00e3o por pl\u00e1stico.<\/p>\n\n\n\n<p>E neste quesito, falou sobre o projecto \u201cCabo Verde Sem Pl\u00e1stico\u201d, que busca reduzir o uso de sacos pl\u00e1sticos atrav\u00e9s de ac\u00e7\u00f5es com comerciantes, comunidades e a introdu\u00e7\u00e3o de bolsas alternativas, para tentar minimizar a utiliza\u00e7\u00e3o e a prolifera\u00e7\u00e3o de sacos de pl\u00e1stico, tendo em conta os males que isso provoca, tanto nas zonas costeiras como no meio marinho.<\/p>\n\n\n\n<p>Entretanto, alertou que a ADAD n\u00e3o se preocupa somente com o pl\u00e1stico, mas tamb\u00e9m com o reflorestamento, pois, plantar \u00e1rvores \u00e9 uma \u201cmedida fundamental\u201d para equilibrar o meio ambiente e garantir oxig\u00e9nio para todos.<\/p>\n\n\n\n<p>Ali\u00e1s, ap\u00f3s a sess\u00e3o informativa, com palestras e apresenta\u00e7\u00e3o dos alunos do LAC, foi feita uma sess\u00e3o de plantio de \u00e1rvores, defendendo que a consci\u00eancia ambiental e ecol\u00f3gica, deve ser criada desde o pr\u00e9-escolar para que a futura gera\u00e7\u00e3o tenha ou venha a ter melhor comportamento do que a da actualidade em rela\u00e7\u00e3o ao meio ambiente, reporta \u00e0 Inforpress.<\/p>\n\n\n\n<p>As alunas do 5.\u00ba ano, Elo\u00e1 e Emely Varela, participaram da actividade e compartilharam as suas aprendizagens. Elo\u00e1 destacou a import\u00e2ncia da reciclagem e de campanhas de limpeza para proteger o planeta, enquanto a Emely refor\u00e7ou a necessidade de reutilizar o pl\u00e1stico e plantar \u00e1rvores para um ambiente mais saud\u00e1vel.<\/p>\n\n\n\n<p>A aluna D\u00e2maris Martins foi premiada como melhor estudante do 12.\u00ba ano deste liceu, aproveitou para expressar a sua gratid\u00e3o pelo reconhecimento e refor\u00e7ou a import\u00e2ncia de ac\u00e7\u00f5es individuais para promover mudan\u00e7as ambientais.<\/p>\n\n\n\n<p>\u201cA mudan\u00e7a come\u00e7a em n\u00f3s, nas nossas atitudes di\u00e1rias, e assim podemos influenciar positivamente a sociedade e o mundo\u201d, concluiu.<\/p>\n\n\n\n<p>A iniciativa da ADAD refor\u00e7ou o compromisso de promover uma educa\u00e7\u00e3o ambiental desde os primeiros anos de escolaridade, contribuindo para a forma\u00e7\u00e3o de uma gera\u00e7\u00e3o mais consciente e engajada na preserva\u00e7\u00e3o do meio ambiente.<\/p>\n","protected":false},"excerpt":{"rendered":"<p>A Associa\u00e7\u00e3o para a Defesa do Ambiente e Desenvolvimento (ADAD) promoveu hoje, um conjunto de actividades no Liceu Am\u00edlcar Cabral, para sensibilizar a comunidade educativa para as quest\u00f5es ambientais essenciais e assinalar o Dia Mundial do Ambiente. Sob o tema \u201cO Fim da Polui\u00e7\u00e3o Pl\u00e1stica\u201d, para refor\u00e7ar a urg\u00eancia de combater a polui\u00e7\u00e3o por pl\u00e1stico<br \/><a class=\"moretag\" href=\"https:\/\/radiocomercial.cv\/?p=2219\">+ Read More<\/a><\/p>\n","protected":false},"author":2,"featured_media":2220,"comment_status":"open","ping_status":"open","sticky":false,"template":"","format":"standard","meta":{"footnotes":""},"categories":[6],"tags":[],"class_list":["post-2219","post","type-post","status-publish","format-standard","has-post-thumbnail","hentry","category-noticias"],"featured_image_src":"https:\/\/radiocomercial.cv\/wp-content\/uploads\/2025\/06\/ADAD-promove-actividades-de-reflexao-ambiental-no-Liceu-Amilcar-Cabral-2025.jpg","featured_image_src_square":"https:\/\/radiocomercial.cv\/wp-content\/uploads\/2025\/06\/ADAD-promove-actividades-de-reflexao-ambiental-no-Liceu-Amilcar-Cabral-2025.jpg","author_info":{"display_name":"Radio Comercial","author_link":"https:\/\/radiocomercial.cv\/?author=2"},"rbea_author_info":{"display_name":"Radio Comercial","author_link":"https:\/\/radiocomercial.cv\/?author=2"},"rbea_excerpt_info":"A Associa\u00e7\u00e3o para a Defesa do Ambiente e Desenvolvimento (ADAD) promoveu hoje, um conjunto de actividades no Liceu Am\u00edlcar Cabral, para sensibilizar a comunidade educativa para as quest\u00f5es ambientais essenciais e assinalar o Dia Mundial do Ambiente. Sob o tema \u201cO Fim da Polui\u00e7\u00e3o Pl\u00e1stica\u201d, para refor\u00e7ar a urg\u00eancia de combater a polui\u00e7\u00e3o por pl\u00e1stico<br><a class=\"moretag\" href=\"https:\/\/radiocomercial.cv\/?p=2219\">+ Read More<\/a>","category_list":"<a href=\"https:\/\/radiocomercial.cv\/?cat=6\" rel=\"category\">Noticias<\/a>","comments_num":"0 comments","_links":{"self":[{"href":"https:\/\/radiocomercial.cv\/index.php?rest_route=\/wp\/v2\/posts\/2219","targetHints":{"allow":["GET"]}}],"collection":[{"href":"https:\/\/radiocomercial.cv\/index.php?rest_route=\/wp\/v2\/posts"}],"about":[{"href":"https:\/\/radiocomercial.cv\/index.php?rest_route=\/wp\/v2\/types\/post"}],"author":[{"embeddable":true,"href":"https:\/\/radiocomercial.cv\/index.php?rest_route=\/wp\/v2\/users\/2"}],"replies":[{"embeddable":true,"href":"https:\/\/radiocomercial.cv\/index.php?rest_route=%2Fwp%2Fv2%2Fcomments&post=2219"}],"version-history":[{"count":1,"href":"https:\/\/radiocomercial.cv\/index.php?rest_route=\/wp\/v2\/posts\/2219\/revisions"}],"predecessor-version":[{"id":2221,"href":"https:\/\/radiocomercial.cv\/index.php?rest_route=\/wp\/v2\/posts\/2219\/revisions\/2221"}],"wp:featuredmedia":[{"embeddable":true,"href":"https:\/\/radiocomercial.cv\/index.php?rest_route=\/wp\/v2\/media\/2220"}],"wp:attachment":[{"href":"https:\/\/radiocomercial.cv\/index.php?rest_route=%2Fwp%2Fv2%2Fmedia&parent=2219"}],"wp:term":[{"taxonomy":"category","embeddable":true,"href":"https:\/\/radiocomercial.cv\/index.php?rest_route=%2Fwp%2Fv2%2Fcategories&post=2219"},{"taxonomy":"post_tag","embeddable":true,"href":"https:\/\/radiocomercial.cv\/index.php?rest_route=%2Fwp%2Fv2%2Ftags&post=2219"}],"curies":[{"name":"wp","href":"https:\/\/api.w.org\/{rel}","templated":true}]}}