{"id":2222,"date":"2025-06-10T13:21:28","date_gmt":"2025-06-10T13:21:28","guid":{"rendered":"https:\/\/radiocomercial.cv\/?p=2222"},"modified":"2025-06-10T13:21:30","modified_gmt":"2025-06-10T13:21:30","slug":"museu-da-boa-vista-com-exposicao-sobre-os-tubaroes-de-cabo-verde","status":"publish","type":"post","link":"https:\/\/radiocomercial.cv\/?p=2222","title":{"rendered":"Museu da Boa Vista com exposi\u00e7\u00e3o sobre os tubar\u00f5es de Cabo Verde"},"content":{"rendered":"\n<p><strong>Est\u00e1 patente no Museu de Arqueologia da Boa Vista a exposi\u00e7\u00e3o tempor\u00e1ria \u201cGuardi\u00f5es do Mar: Tubar\u00f5es de Cabo Verde\u201d. A exposi\u00e7\u00e3o foi inaugurada no dia 06 deste m\u00eas, no quadro das celebra\u00e7\u00f5es do Dia Mundial dos Oceanos.<\/strong><\/p>\n\n\n\n<p>Numa publica\u00e7\u00e3o na rede social, o Instituto do Patrimonio Cultural (IPC) indica que a amostra apresenta uma abordagem cient\u00edfica e educativa sobre a diversidade, biologia e ecologia dos tubar\u00f5es, e identifica as maiores amea\u00e7adas que estes animais enfrentam no oceano global, nomeadamente a sobrepesca e a degrada\u00e7\u00e3o dos habitats marinhos resultantes sobretudo da atividade humana.<\/p>\n\n\n\n<p>A exposi\u00e7\u00e3o \u00e9 coordenada pelo professor Rui Rosa, investigador do MARE \u2013 Centro de Ci\u00eancias do Mar e do Ambiente da Faculdade de Ci\u00eancias da Universidade de Lisboa. \u201cA exposi\u00e7\u00e3o explora aspectos da morfologia, fisiologia, comportamento e estrat\u00e9gias adaptativas dos tubar\u00f5es, com \u00eanfase na sua distribui\u00e7\u00e3o no arquip\u00e9lago de Cabo Verde\u201d, avan\u00e7a Expresso das ilhas.<\/p>\n\n\n\n<p>A mesma fonte refor\u00e7a que esta iniciativa resulta de uma coopera\u00e7\u00e3o entre o Instituto do Patrim\u00f3nio Cultural, o Minist\u00e9rio do Mar e a Associa\u00e7\u00e3o Sphyrna, com financiamento da FCT-Aga Khan Network.<\/p>\n\n\n\n<p>\u201cPara al\u00e9m da vertente cient\u00edfica, a exposi\u00e7\u00e3o pretende estimular uma consci\u00eancia cr\u00edtica e ambientalmente informada, contribuindo para a valoriza\u00e7\u00e3o do patrim\u00f3nio natural marinho e incentivando pr\u00e1ticas de conserva\u00e7\u00e3o sustent\u00e1veis no contexto atl\u00e2ntico-africano\u201d, aponta.<\/p>\n\n\n\n<p>O IPC recomenda a quem desejar aprofundar a compreens\u00e3o sobre a problem\u00e1tica dos tubar\u00f5es e os desafios que enfrentam nos oceanos, a visualizar o v\u00eddeo do professor Rui Rosa, dispon\u00edvel no&nbsp;<a href=\"https:\/\/www.youtube.com\/watch?v=Z8xhbQz_C_I\">YouTube<\/a>.&nbsp;<\/p>\n\n\n\n<figure class=\"wp-block-embed is-type-video is-provider-youtube wp-block-embed-youtube wp-embed-aspect-16-9 wp-has-aspect-ratio\"><div class=\"wp-block-embed__wrapper\">\n<iframe title=\"Guardi\u00f5es do Oceano: Tubar\u00f5es de Cabo Verde (FCT AGA-KHAN)\" width=\"500\" height=\"281\" src=\"https:\/\/www.youtube.com\/embed\/Z8xhbQz_C_I?start=6&#038;feature=oembed\" frameborder=\"0\" allow=\"accelerometer; autoplay; clipboard-write; encrypted-media; gyroscope; picture-in-picture; web-share\" referrerpolicy=\"strict-origin-when-cross-origin\" allowfullscreen><\/iframe>\n<\/div><\/figure>\n","protected":false},"excerpt":{"rendered":"<p>Est\u00e1 patente no Museu de Arqueologia da Boa Vista a exposi\u00e7\u00e3o tempor\u00e1ria \u201cGuardi\u00f5es do Mar: Tubar\u00f5es de Cabo Verde\u201d. A exposi\u00e7\u00e3o foi inaugurada no dia 06 deste m\u00eas, no quadro das celebra\u00e7\u00f5es do Dia Mundial dos Oceanos. Numa publica\u00e7\u00e3o na rede social, o Instituto do Patrimonio Cultural (IPC) indica que a amostra apresenta uma abordagem<br \/><a class=\"moretag\" href=\"https:\/\/radiocomercial.cv\/?p=2222\">+ Read More<\/a><\/p>\n","protected":false},"author":2,"featured_media":2223,"comment_status":"open","ping_status":"open","sticky":false,"template":"","format":"standard","meta":{"footnotes":""},"categories":[6],"tags":[],"class_list":["post-2222","post","type-post","status-publish","format-standard","has-post-thumbnail","hentry","category-noticias"],"featured_image_src":"https:\/\/radiocomercial.cv\/wp-content\/uploads\/2025\/06\/Museu-da-Boa-Vista-com-exposicao-sobre-os-tubaroes-de-Cabo-Verde.jpeg","featured_image_src_square":"https:\/\/radiocomercial.cv\/wp-content\/uploads\/2025\/06\/Museu-da-Boa-Vista-com-exposicao-sobre-os-tubaroes-de-Cabo-Verde.jpeg","author_info":{"display_name":"Radio Comercial","author_link":"https:\/\/radiocomercial.cv\/?author=2"},"rbea_author_info":{"display_name":"Radio Comercial","author_link":"https:\/\/radiocomercial.cv\/?author=2"},"rbea_excerpt_info":"Est\u00e1 patente no Museu de Arqueologia da Boa Vista a exposi\u00e7\u00e3o tempor\u00e1ria \u201cGuardi\u00f5es do Mar: Tubar\u00f5es de Cabo Verde\u201d. A exposi\u00e7\u00e3o foi inaugurada no dia 06 deste m\u00eas, no quadro das celebra\u00e7\u00f5es do Dia Mundial dos Oceanos. Numa publica\u00e7\u00e3o na rede social, o Instituto do Patrimonio Cultural (IPC) indica que a amostra apresenta uma abordagem<br><a class=\"moretag\" href=\"https:\/\/radiocomercial.cv\/?p=2222\">+ Read More<\/a>","category_list":"<a href=\"https:\/\/radiocomercial.cv\/?cat=6\" rel=\"category\">Noticias<\/a>","comments_num":"0 comments","_links":{"self":[{"href":"https:\/\/radiocomercial.cv\/index.php?rest_route=\/wp\/v2\/posts\/2222","targetHints":{"allow":["GET"]}}],"collection":[{"href":"https:\/\/radiocomercial.cv\/index.php?rest_route=\/wp\/v2\/posts"}],"about":[{"href":"https:\/\/radiocomercial.cv\/index.php?rest_route=\/wp\/v2\/types\/post"}],"author":[{"embeddable":true,"href":"https:\/\/radiocomercial.cv\/index.php?rest_route=\/wp\/v2\/users\/2"}],"replies":[{"embeddable":true,"href":"https:\/\/radiocomercial.cv\/index.php?rest_route=%2Fwp%2Fv2%2Fcomments&post=2222"}],"version-history":[{"count":1,"href":"https:\/\/radiocomercial.cv\/index.php?rest_route=\/wp\/v2\/posts\/2222\/revisions"}],"predecessor-version":[{"id":2224,"href":"https:\/\/radiocomercial.cv\/index.php?rest_route=\/wp\/v2\/posts\/2222\/revisions\/2224"}],"wp:featuredmedia":[{"embeddable":true,"href":"https:\/\/radiocomercial.cv\/index.php?rest_route=\/wp\/v2\/media\/2223"}],"wp:attachment":[{"href":"https:\/\/radiocomercial.cv\/index.php?rest_route=%2Fwp%2Fv2%2Fmedia&parent=2222"}],"wp:term":[{"taxonomy":"category","embeddable":true,"href":"https:\/\/radiocomercial.cv\/index.php?rest_route=%2Fwp%2Fv2%2Fcategories&post=2222"},{"taxonomy":"post_tag","embeddable":true,"href":"https:\/\/radiocomercial.cv\/index.php?rest_route=%2Fwp%2Fv2%2Ftags&post=2222"}],"curies":[{"name":"wp","href":"https:\/\/api.w.org\/{rel}","templated":true}]}}