{"id":2225,"date":"2025-06-11T17:03:30","date_gmt":"2025-06-11T17:03:30","guid":{"rendered":"https:\/\/radiocomercial.cv\/?p=2225"},"modified":"2025-06-11T17:03:31","modified_gmt":"2025-06-11T17:03:31","slug":"cremilda-medina-apresenta-mar-morada-dsodade-no-funchal-ilha-da-madeira","status":"publish","type":"post","link":"https:\/\/radiocomercial.cv\/?p=2225","title":{"rendered":"Cremilda Medina apresenta \u201cMar Morada d\u2019Sodade\u201d no Funchal, ilha da Madeira"},"content":{"rendered":"\n<p><strong>A cantora cabo-verdiana Cremilda Medina apresenta, esta sexta-feira, 13, o espect\u00e1culo \u201cMar\u2026 Morada d\u2019Sodade\u201d, no Teatro Municipal Baltazar Dias, no Funchal, ilha da Madeira.<\/strong><\/p>\n\n\n\n<p>Neste concerto, Cremilda convida ao palco a cantora madeirense V\u00e2nia Fernandes, cuja voz intensa e expressiva representa com orgulho a riqueza vocal da Madeira.<\/p>\n\n\n\n<p>De acordo com uma nota enviada pelo seu manager, o repert\u00f3rio do espect\u00e1culo percorre o legado da m\u00fasica tradicional cabo-verdiana e madeirense, com arranjos orquestrados que respeitam as matrizes originais dos dois arquip\u00e9lagos, ao mesmo tempo que lhes conferem uma nova dimens\u00e3o sonora.<\/p>\n\n\n\n<p>\u201cCada can\u00e7\u00e3o interpretada ser\u00e1 um convite a mergulhar nas hist\u00f3rias, viv\u00eancias e emo\u00e7\u00f5es que moldam a identidade de dois povos marcados pela emigra\u00e7\u00e3o, pela saudade e pelo amor \u00e0s suas ilhas\u201d, refere a nota.<\/p>\n\n\n\n<p>A acompanhar Cremilda e V\u00e2nia estar\u00e3o m\u00fasicos provenientes de Cabo Verde e da Madeira: Humberto Ramos (piano e direc\u00e7\u00e3o musical), Afonso Albuquerque (guitarra), Nir Paris (bateria), Ricardo Dias (contrabaixo) e Roberto Moritz (cordofones). Juntos, v\u00e3o criar uma fus\u00e3o musical \u00fanica que atravessa o Atl\u00e2ntico e reflecte a heran\u00e7a comum das ilhas, num espect\u00e1culo que combina tradi\u00e7\u00e3o, contemporaneidade e identidade.<\/p>\n\n\n\n<p>\u201cEste concerto \u00e9 uma homenagem \u00e0s nossas ra\u00edzes, \u00e0s nossas gentes, \u00e0 saudade que carregamos e \u00e0 for\u00e7a que nos une atrav\u00e9s do Atl\u00e2ntico. \u00c9 um reencontro de culturas que se reconhecem no sentir e no cantar\u201d, afirma Cremilda na mesma nota.<\/p>\n\n\n\n<p>Ainda segundo o seu manager, \u00e9 com este esp\u00edrito de comunh\u00e3o cultural que a artista sobe ao palco do Teatro Municipal Baltazar Dias para apresentar \u201cum concerto especial que une duas culturas insulares irm\u00e3s, Cabo Verde e Madeira, numa noite de emo\u00e7\u00f5es, mem\u00f3ria e identidade\u201d.<\/p>\n\n\n\n<p>Com dois discos editados e uma carreira em ascens\u00e3o nos palcos internacionais da m\u00fasica tradicional e world music, Cremilda Medina \u00e9 reconhecida como uma das vozes mais aut\u00eanticas da nova gera\u00e7\u00e3o de int\u00e9rpretes da Morna e da Coladeira, g\u00e9neros que traduzem, no seu lirismo, a alma do povo cabo-verdiano.<\/p>\n\n\n\n<p>\u201cMar\u2026 Morada d\u2019Sodade\u201d, segundo a mesma fonte, \u00e9 tamb\u00e9m um gesto de valoriza\u00e7\u00e3o do patrim\u00f3nio imaterial das ilhas, propondo uma escuta atenta \u00e0s m\u00fasicas tradicionais, que contam hist\u00f3rias de luta, amor, saudade e perten\u00e7a.<\/p>\n\n\n\n<p>\u201c\u00c9 um espect\u00e1culo que sensibiliza para a import\u00e2ncia de preservar as ra\u00edzes, os ritmos, os instrumentos e os sentimentos que fazem destas culturas um legado vivo e vibrante.\u201d<\/p>\n\n\n\n<p>A mesma fonte refere que este concerto configura-se como uma ponte musical e afectiva entre dois povos irm\u00e3os, marcada por encontros, partilhas e celebra\u00e7\u00f5es. \u201cA noite promete ser memor\u00e1vel, n\u00e3o apenas pela sua qualidade art\u00edstica, mas tamb\u00e9m pelo seu simbolismo, relev\u00e2ncia cultural e impacto emocional\u201d.<\/p>\n","protected":false},"excerpt":{"rendered":"<p>A cantora cabo-verdiana Cremilda Medina apresenta, esta sexta-feira, 13, o espect\u00e1culo \u201cMar\u2026 Morada d\u2019Sodade\u201d, no Teatro Municipal Baltazar Dias, no Funchal, ilha da Madeira. Neste concerto, Cremilda convida ao palco a cantora madeirense V\u00e2nia Fernandes, cuja voz intensa e expressiva representa com orgulho a riqueza vocal da Madeira. De acordo com uma nota enviada pelo<br \/><a class=\"moretag\" href=\"https:\/\/radiocomercial.cv\/?p=2225\">+ Read More<\/a><\/p>\n","protected":false},"author":2,"featured_media":2226,"comment_status":"open","ping_status":"open","sticky":false,"template":"","format":"standard","meta":{"footnotes":""},"categories":[6],"tags":[],"class_list":["post-2225","post","type-post","status-publish","format-standard","has-post-thumbnail","hentry","category-noticias"],"featured_image_src":"https:\/\/radiocomercial.cv\/wp-content\/uploads\/2025\/06\/Cremilda-Medina-apresenta-Mar-Morada-dSodade-no-Funchal.jpeg","featured_image_src_square":"https:\/\/radiocomercial.cv\/wp-content\/uploads\/2025\/06\/Cremilda-Medina-apresenta-Mar-Morada-dSodade-no-Funchal.jpeg","author_info":{"display_name":"Radio Comercial","author_link":"https:\/\/radiocomercial.cv\/?author=2"},"rbea_author_info":{"display_name":"Radio Comercial","author_link":"https:\/\/radiocomercial.cv\/?author=2"},"rbea_excerpt_info":"A cantora cabo-verdiana Cremilda Medina apresenta, esta sexta-feira, 13, o espect\u00e1culo \u201cMar\u2026 Morada d\u2019Sodade\u201d, no Teatro Municipal Baltazar Dias, no Funchal, ilha da Madeira. Neste concerto, Cremilda convida ao palco a cantora madeirense V\u00e2nia Fernandes, cuja voz intensa e expressiva representa com orgulho a riqueza vocal da Madeira. De acordo com uma nota enviada pelo<br><a class=\"moretag\" href=\"https:\/\/radiocomercial.cv\/?p=2225\">+ Read More<\/a>","category_list":"<a href=\"https:\/\/radiocomercial.cv\/?cat=6\" rel=\"category\">Noticias<\/a>","comments_num":"0 comments","_links":{"self":[{"href":"https:\/\/radiocomercial.cv\/index.php?rest_route=\/wp\/v2\/posts\/2225","targetHints":{"allow":["GET"]}}],"collection":[{"href":"https:\/\/radiocomercial.cv\/index.php?rest_route=\/wp\/v2\/posts"}],"about":[{"href":"https:\/\/radiocomercial.cv\/index.php?rest_route=\/wp\/v2\/types\/post"}],"author":[{"embeddable":true,"href":"https:\/\/radiocomercial.cv\/index.php?rest_route=\/wp\/v2\/users\/2"}],"replies":[{"embeddable":true,"href":"https:\/\/radiocomercial.cv\/index.php?rest_route=%2Fwp%2Fv2%2Fcomments&post=2225"}],"version-history":[{"count":1,"href":"https:\/\/radiocomercial.cv\/index.php?rest_route=\/wp\/v2\/posts\/2225\/revisions"}],"predecessor-version":[{"id":2227,"href":"https:\/\/radiocomercial.cv\/index.php?rest_route=\/wp\/v2\/posts\/2225\/revisions\/2227"}],"wp:featuredmedia":[{"embeddable":true,"href":"https:\/\/radiocomercial.cv\/index.php?rest_route=\/wp\/v2\/media\/2226"}],"wp:attachment":[{"href":"https:\/\/radiocomercial.cv\/index.php?rest_route=%2Fwp%2Fv2%2Fmedia&parent=2225"}],"wp:term":[{"taxonomy":"category","embeddable":true,"href":"https:\/\/radiocomercial.cv\/index.php?rest_route=%2Fwp%2Fv2%2Fcategories&post=2225"},{"taxonomy":"post_tag","embeddable":true,"href":"https:\/\/radiocomercial.cv\/index.php?rest_route=%2Fwp%2Fv2%2Ftags&post=2225"}],"curies":[{"name":"wp","href":"https:\/\/api.w.org\/{rel}","templated":true}]}}