{"id":2228,"date":"2025-06-13T18:42:37","date_gmt":"2025-06-13T18:42:37","guid":{"rendered":"https:\/\/radiocomercial.cv\/?p=2228"},"modified":"2025-06-13T18:42:38","modified_gmt":"2025-06-13T18:42:38","slug":"undel-de-elida-almeida-ja-esta-disponivel-nas-plataformas-digitais","status":"publish","type":"post","link":"https:\/\/radiocomercial.cv\/?p=2228","title":{"rendered":"\u201cUndel\u201d de \u00c9lida Almeida j\u00e1 est\u00e1 dispon\u00edvel nas plataformas digitais"},"content":{"rendered":"\n<p><strong>A cantora cabo-verdiana \u00c9lida Almeida acaba de lan\u00e7ar o seu novo v\u00eddeo\/single intitulado \u201cUndel\u201d, uma faixa que integra o seu pr\u00f3ximo \u00e1lbum, actualmente em produ\u00e7\u00e3o.<\/strong><\/p>\n\n\n\n<p>Segundo uma nota da produtora Harmonia Lda., trata-se de uma composi\u00e7\u00e3o in\u00e9dita escrita por Manu Reis, o mesmo autor de \u201cTxica\u201d e \u201cZomban\u201d, temas que marcaram a trajet\u00f3ria da artista.<\/p>\n\n\n\n<p>\u201cCom um ritmo quente e envolvente, o novo single promete invadir as pistas de dan\u00e7a e, ao mesmo tempo, emocionar\u201d, destaca a produtora.<\/p>\n\n\n\n<p>De acordo com a mesma fonte, a m\u00fasica j\u00e1 atravessou fronteiras, chegando \u00e0 Costa do Marfim, onde passou pelas m\u00e3os do arranjador David, que lhe imprimiu um toque especial.<\/p>\n\n\n\n<p>\u201cFoi ele quem acrescentou \u00e0 melodia um colorido \u00fanico, vibrante e sonhador, um cen\u00e1rio musical que encaixa perfeitamente na natureza dos sonhos de todas as mulheres\u201d, l\u00ea-se na nota.<\/p>\n\n\n\n<p>A produtora sublinha ainda que este lan\u00e7amento abre caminho, com for\u00e7a, para um \u00e1lbum que celebra a identidade, feminilidade e liberdade, com a marca inconfund\u00edvel de \u00c9lida Almeida.<\/p>\n\n\n\n<figure class=\"wp-block-embed is-type-video is-provider-youtube wp-block-embed-youtube wp-embed-aspect-16-9 wp-has-aspect-ratio\"><div class=\"wp-block-embed__wrapper\">\n<iframe title=\"Elida Almeida - Undel\" width=\"500\" height=\"281\" src=\"https:\/\/www.youtube.com\/embed\/_ra4RHlLqlU?start=3&#038;feature=oembed\" frameborder=\"0\" allow=\"accelerometer; autoplay; clipboard-write; encrypted-media; gyroscope; picture-in-picture; web-share\" referrerpolicy=\"strict-origin-when-cross-origin\" allowfullscreen><\/iframe>\n<\/div><\/figure>\n","protected":false},"excerpt":{"rendered":"<p>A cantora cabo-verdiana \u00c9lida Almeida acaba de lan\u00e7ar o seu novo v\u00eddeo\/single intitulado \u201cUndel\u201d, uma faixa que integra o seu pr\u00f3ximo \u00e1lbum, actualmente em produ\u00e7\u00e3o. Segundo uma nota da produtora Harmonia Lda., trata-se de uma composi\u00e7\u00e3o in\u00e9dita escrita por Manu Reis, o mesmo autor de \u201cTxica\u201d e \u201cZomban\u201d, temas que marcaram a trajet\u00f3ria da artista.<br \/><a class=\"moretag\" href=\"https:\/\/radiocomercial.cv\/?p=2228\">+ Read More<\/a><\/p>\n","protected":false},"author":2,"featured_media":2229,"comment_status":"open","ping_status":"open","sticky":false,"template":"","format":"standard","meta":{"footnotes":""},"categories":[6],"tags":[],"class_list":["post-2228","post","type-post","status-publish","format-standard","has-post-thumbnail","hentry","category-noticias"],"featured_image_src":"https:\/\/radiocomercial.cv\/wp-content\/uploads\/2025\/06\/Undel-de-Elida-Almeida-ja-esta-disponivel-nas-plataformas-digitais.jpeg","featured_image_src_square":"https:\/\/radiocomercial.cv\/wp-content\/uploads\/2025\/06\/Undel-de-Elida-Almeida-ja-esta-disponivel-nas-plataformas-digitais.jpeg","author_info":{"display_name":"Radio Comercial","author_link":"https:\/\/radiocomercial.cv\/?author=2"},"rbea_author_info":{"display_name":"Radio Comercial","author_link":"https:\/\/radiocomercial.cv\/?author=2"},"rbea_excerpt_info":"A cantora cabo-verdiana \u00c9lida Almeida acaba de lan\u00e7ar o seu novo v\u00eddeo\/single intitulado \u201cUndel\u201d, uma faixa que integra o seu pr\u00f3ximo \u00e1lbum, actualmente em produ\u00e7\u00e3o. Segundo uma nota da produtora Harmonia Lda., trata-se de uma composi\u00e7\u00e3o in\u00e9dita escrita por Manu Reis, o mesmo autor de \u201cTxica\u201d e \u201cZomban\u201d, temas que marcaram a trajet\u00f3ria da artista.<br><a class=\"moretag\" href=\"https:\/\/radiocomercial.cv\/?p=2228\">+ Read More<\/a>","category_list":"<a href=\"https:\/\/radiocomercial.cv\/?cat=6\" rel=\"category\">Noticias<\/a>","comments_num":"0 comments","_links":{"self":[{"href":"https:\/\/radiocomercial.cv\/index.php?rest_route=\/wp\/v2\/posts\/2228","targetHints":{"allow":["GET"]}}],"collection":[{"href":"https:\/\/radiocomercial.cv\/index.php?rest_route=\/wp\/v2\/posts"}],"about":[{"href":"https:\/\/radiocomercial.cv\/index.php?rest_route=\/wp\/v2\/types\/post"}],"author":[{"embeddable":true,"href":"https:\/\/radiocomercial.cv\/index.php?rest_route=\/wp\/v2\/users\/2"}],"replies":[{"embeddable":true,"href":"https:\/\/radiocomercial.cv\/index.php?rest_route=%2Fwp%2Fv2%2Fcomments&post=2228"}],"version-history":[{"count":1,"href":"https:\/\/radiocomercial.cv\/index.php?rest_route=\/wp\/v2\/posts\/2228\/revisions"}],"predecessor-version":[{"id":2230,"href":"https:\/\/radiocomercial.cv\/index.php?rest_route=\/wp\/v2\/posts\/2228\/revisions\/2230"}],"wp:featuredmedia":[{"embeddable":true,"href":"https:\/\/radiocomercial.cv\/index.php?rest_route=\/wp\/v2\/media\/2229"}],"wp:attachment":[{"href":"https:\/\/radiocomercial.cv\/index.php?rest_route=%2Fwp%2Fv2%2Fmedia&parent=2228"}],"wp:term":[{"taxonomy":"category","embeddable":true,"href":"https:\/\/radiocomercial.cv\/index.php?rest_route=%2Fwp%2Fv2%2Fcategories&post=2228"},{"taxonomy":"post_tag","embeddable":true,"href":"https:\/\/radiocomercial.cv\/index.php?rest_route=%2Fwp%2Fv2%2Ftags&post=2228"}],"curies":[{"name":"wp","href":"https:\/\/api.w.org\/{rel}","templated":true}]}}