{"id":2231,"date":"2025-06-16T19:02:48","date_gmt":"2025-06-16T19:02:48","guid":{"rendered":"https:\/\/radiocomercial.cv\/?p=2231"},"modified":"2025-06-16T19:02:50","modified_gmt":"2025-06-16T19:02:50","slug":"governo-reforca-combate-ao-crime-financeiro-com-entrega-de-equipamentos-a-uif","status":"publish","type":"post","link":"https:\/\/radiocomercial.cv\/?p=2231","title":{"rendered":"Governo refor\u00e7a combate ao crime financeiro com entrega de equipamentos \u00e0 UIF"},"content":{"rendered":"\n<p><strong>A ministra da Justi\u00e7a, Joana Rosa, ressaltou hoje a import\u00e2ncia dos novos equipamentos inform\u00e1ticos doados \u00e0 Unidade de Informa\u00e7\u00e3o Financeira (UIF) pela UNODC como parte de uma ampla estrat\u00e9gia para modernizar as institui\u00e7\u00f5es nacionais de justi\u00e7a criminal.<\/strong><\/p>\n\n\n\n<p>O investimento nos novos equipamentos, superior a 18 mil d\u00f3lares (1,7 mil contos), vem juntar-se a outros esfor\u00e7os do Governo cabo-verdiano na digitaliza\u00e7\u00e3o do sistema de justi\u00e7a e no refor\u00e7o da Pol\u00edcia Judici\u00e1ria, incluindo a cria\u00e7\u00e3o de brigadas especializadas no combate aos crimes financeiros.<\/p>\n\n\n\n<p>A governante enalteceu esta iniciativa do Projecto CRIMJUST II, financiado pelos Estados Unidos e promovido pelo Escrit\u00f3rio das Na\u00e7\u00f5es Unidas sobre Drogas e Crime (UNODC), visando&nbsp;refor\u00e7ar o combate aos crimes econ\u00f3micos e financeiros.<\/p>\n\n\n\n<p>&nbsp;\u201cEste refor\u00e7o tecnol\u00f3gico faz parte de uma estrat\u00e9gia mais ampla de moderniza\u00e7\u00e3o das institui\u00e7\u00f5es nacionais ligadas \u00e0 justi\u00e7a criminal, com o objectivo de enfrentar as amea\u00e7as da criminalidade organizada transnacional, como a lavagem de capitais e o financiamento do terrorismo\u201d, afirmou.<\/p>\n\n\n\n<p>Segundo a ministra, o investimento permitir\u00e1 aumentar a efic\u00e1cia das opera\u00e7\u00f5es de investiga\u00e7\u00e3o e repress\u00e3o desses crimes, al\u00e9m de garantir maior seguran\u00e7a ao sistema financeiro nacional.<\/p>\n\n\n\n<p>Por outro lado, o director da UIF, Daniel Monteiro, destacou que os novos equipamentos representam um \u201cpasso importante\u201d no processo de transforma\u00e7\u00e3o digital da institui\u00e7\u00e3o, que inclui a moderniza\u00e7\u00e3o do seu \u2018site\u2019 e o lan\u00e7amento iminente de um portal eletr\u00f3nico para comunica\u00e7\u00f5es de opera\u00e7\u00f5es suspeitas.<\/p>\n\n\n\n<p>O respons\u00e1vel avan\u00e7ou ainda que a UIF j\u00e1 prepara ac\u00e7\u00f5es de capacita\u00e7\u00e3o na \u00e1rea de Intelig\u00eancia Artificial (IA) e de an\u00e1lise de dados, com vista a dotar os seus t\u00e9cnicos de ferramentas avan\u00e7adas no tratamento e produ\u00e7\u00e3o de informa\u00e7\u00e3o estrat\u00e9gica.<\/p>\n\n\n\n<p>Por sua vez, a encarregada de neg\u00f3cios da Embaixada dos Estados Unidos, Margaret McElliggott, real\u00e7ou que esta ac\u00e7\u00e3o se inseriu num investimento mais abrangente de tr\u00eas anos, atrav\u00e9s do projecto CRIMJUST, para apoiar os esfor\u00e7os das autoridades cabo-verdianas na luta contra o tr\u00e1fico il\u00edcito e o crime organizado.<\/p>\n\n\n\n<p>A diplomata norte-americana destacou que o refor\u00e7o tecnol\u00f3gico da UIF contribuir\u00e1 para desmantelar redes financeiras criminosas e proteger a integridade do sistema financeiro do pa\u00eds, promovendo, em simult\u00e2neo, o crescimento econ\u00f3mico e a estabilidade, avan\u00e7a \u00e0 Inforpress.<\/p>\n\n\n\n<p>O projeto CRIMJUST j\u00e1 permitiu que Cabo Verde avan\u00e7asse com a sua primeira estrat\u00e9gia nacional de preven\u00e7\u00e3o e combate \u00e0 lavagem de capitais, bem como propor altera\u00e7\u00f5es \u00e0 legisla\u00e7\u00e3o banc\u00e1ria e ao regime jur\u00eddico de combate ao tr\u00e1fico de drogas.<\/p>\n","protected":false},"excerpt":{"rendered":"<p>A ministra da Justi\u00e7a, Joana Rosa, ressaltou hoje a import\u00e2ncia dos novos equipamentos inform\u00e1ticos doados \u00e0 Unidade de Informa\u00e7\u00e3o Financeira (UIF) pela UNODC como parte de uma ampla estrat\u00e9gia para modernizar as institui\u00e7\u00f5es nacionais de justi\u00e7a criminal. O investimento nos novos equipamentos, superior a 18 mil d\u00f3lares (1,7 mil contos), vem juntar-se a outros esfor\u00e7os<br \/><a class=\"moretag\" href=\"https:\/\/radiocomercial.cv\/?p=2231\">+ Read More<\/a><\/p>\n","protected":false},"author":2,"featured_media":2232,"comment_status":"open","ping_status":"open","sticky":false,"template":"","format":"standard","meta":{"footnotes":""},"categories":[6],"tags":[],"class_list":["post-2231","post","type-post","status-publish","format-standard","has-post-thumbnail","hentry","category-noticias"],"featured_image_src":"https:\/\/radiocomercial.cv\/wp-content\/uploads\/2025\/06\/Governo-reforca-combate-ao-crime-financeiro-com-entrega-de-equipamentos-a-UIF-2025.jpg","featured_image_src_square":"https:\/\/radiocomercial.cv\/wp-content\/uploads\/2025\/06\/Governo-reforca-combate-ao-crime-financeiro-com-entrega-de-equipamentos-a-UIF-2025.jpg","author_info":{"display_name":"Radio Comercial","author_link":"https:\/\/radiocomercial.cv\/?author=2"},"rbea_author_info":{"display_name":"Radio Comercial","author_link":"https:\/\/radiocomercial.cv\/?author=2"},"rbea_excerpt_info":"A ministra da Justi\u00e7a, Joana Rosa, ressaltou hoje a import\u00e2ncia dos novos equipamentos inform\u00e1ticos doados \u00e0 Unidade de Informa\u00e7\u00e3o Financeira (UIF) pela UNODC como parte de uma ampla estrat\u00e9gia para modernizar as institui\u00e7\u00f5es nacionais de justi\u00e7a criminal. O investimento nos novos equipamentos, superior a 18 mil d\u00f3lares (1,7 mil contos), vem juntar-se a outros esfor\u00e7os<br><a class=\"moretag\" href=\"https:\/\/radiocomercial.cv\/?p=2231\">+ Read More<\/a>","category_list":"<a href=\"https:\/\/radiocomercial.cv\/?cat=6\" rel=\"category\">Noticias<\/a>","comments_num":"0 comments","_links":{"self":[{"href":"https:\/\/radiocomercial.cv\/index.php?rest_route=\/wp\/v2\/posts\/2231","targetHints":{"allow":["GET"]}}],"collection":[{"href":"https:\/\/radiocomercial.cv\/index.php?rest_route=\/wp\/v2\/posts"}],"about":[{"href":"https:\/\/radiocomercial.cv\/index.php?rest_route=\/wp\/v2\/types\/post"}],"author":[{"embeddable":true,"href":"https:\/\/radiocomercial.cv\/index.php?rest_route=\/wp\/v2\/users\/2"}],"replies":[{"embeddable":true,"href":"https:\/\/radiocomercial.cv\/index.php?rest_route=%2Fwp%2Fv2%2Fcomments&post=2231"}],"version-history":[{"count":1,"href":"https:\/\/radiocomercial.cv\/index.php?rest_route=\/wp\/v2\/posts\/2231\/revisions"}],"predecessor-version":[{"id":2233,"href":"https:\/\/radiocomercial.cv\/index.php?rest_route=\/wp\/v2\/posts\/2231\/revisions\/2233"}],"wp:featuredmedia":[{"embeddable":true,"href":"https:\/\/radiocomercial.cv\/index.php?rest_route=\/wp\/v2\/media\/2232"}],"wp:attachment":[{"href":"https:\/\/radiocomercial.cv\/index.php?rest_route=%2Fwp%2Fv2%2Fmedia&parent=2231"}],"wp:term":[{"taxonomy":"category","embeddable":true,"href":"https:\/\/radiocomercial.cv\/index.php?rest_route=%2Fwp%2Fv2%2Fcategories&post=2231"},{"taxonomy":"post_tag","embeddable":true,"href":"https:\/\/radiocomercial.cv\/index.php?rest_route=%2Fwp%2Fv2%2Ftags&post=2231"}],"curies":[{"name":"wp","href":"https:\/\/api.w.org\/{rel}","templated":true}]}}