{"id":2234,"date":"2025-06-17T19:22:36","date_gmt":"2025-06-17T19:22:36","guid":{"rendered":"https:\/\/radiocomercial.cv\/?p=2234"},"modified":"2025-06-17T19:22:38","modified_gmt":"2025-06-17T19:22:38","slug":"dia-mundial-da-desertificacao-declaracao-da-praia-alerta-para-impactos-nefastos-das-mudancas-climaticas","status":"publish","type":"post","link":"https:\/\/radiocomercial.cv\/?p=2234","title":{"rendered":"Dia Mundial da Desertifica\u00e7\u00e3o: Declara\u00e7\u00e3o da Praia alerta para \u201cimpactos nefastos\u201d das mudan\u00e7as clim\u00e1ticas"},"content":{"rendered":"\n<p><strong>A Associa\u00e7\u00e3o para a Defesa do Ambiente e Desenvolvimento (ADAD) apresentou hoje a declara\u00e7\u00e3o da Praia em que se alerta para as transforma\u00e7\u00f5es com impactos \u201cnefastos\u201d devido \u00e0s mudan\u00e7as clim\u00e1ticas.<\/strong><\/p>\n\n\n\n<p>O alerta, sa\u00eddo do F\u00f3rum sobre a Mobiliza\u00e7\u00e3o de Recursos para a protec\u00e7\u00e3o dos ecossistemas, foi dado no quadro do Dia Internacional da Desertifica\u00e7\u00e3o, celebrado esta ter\u00e7a-feira , 17 de Junho, tendo como lema \u201cRestaura\u00e7\u00e3o da Terra, Gerar Oportunidades\u201d.<\/p>\n\n\n\n<p>Em comunicado \u00e0 Imprensa, os participantes do F\u00f3rum fizeram algumas recomenda\u00e7\u00f5es, levando em considera\u00e7\u00e3o o momento que o mundo atravessa, caracterizado por incertezas no plano social, pol\u00edtico, econ\u00f3mico e ambiental.<\/p>\n\n\n\n<p>O encontro da Praia alerta as comunidades e o ecossistema terrestre e marinhos das transforma\u00e7\u00f5es com impactos \u201cnefastos\u201d devido \u00e0s mudan\u00e7as clim\u00e1ticas.<\/p>\n\n\n\n<p>De acordo com o comunicado, os participantes recomendam melhorar a organiza\u00e7\u00e3o interna das organiza\u00e7\u00f5es da sociedade civil e estabelecer parcerias a n\u00edvel nacional, regional e internacional e apelam a uma maior articula\u00e7\u00e3o e coordena\u00e7\u00e3o entre o governo, os munic\u00edpios e as organiza\u00e7\u00f5es da sociedade civil.<\/p>\n\n\n\n<p>Dentre as recomenda\u00e7\u00f5es consta ainda a defini\u00e7\u00e3o de um quadro claro e sem discrimina\u00e7\u00e3o para a atribui\u00e7\u00e3o dos recursos, nomeadamente o fundo clim\u00e1tico e o fundo do ambiente, assim como encorajar os munic\u00edpios a incluir o ambiente o clima na agenda municipal e a mobiliza\u00e7\u00e3o de recursos, avan\u00e7a \u00e0 Inforpress.<\/p>\n\n\n\n<p>Incentivar e apoiar a participa\u00e7\u00e3o da sociedade civil, incluindo as mulheres e jovens nas delega\u00e7\u00f5es \u00e0s confer\u00eancias internacionais, e encorajar e refor\u00e7ar a comiss\u00e3o a preparar a participa\u00e7\u00e3o dos actores n\u00e3o estatais na COP\u201930 em Bel\u00e9m, Brasil, fazem parte da lista das recomenda\u00e7\u00f5es.<\/p>\n\n\n\n<p>O F\u00f3rum sobre a Mobiliza\u00e7\u00e3o de Recursos contou com o patroc\u00ednio do Presidente da Rep\u00fablica de Cabo Verde, no quadro do 50\u00ba anivers\u00e1rio da Independ\u00eancia Nacional, da D\u00e9cada das Na\u00e7\u00f5es Unidas para o Recupera\u00e7\u00e3o do Ecossistema e em sauda\u00e7\u00e3o \u00e0 Confer\u00eancia das Na\u00e7\u00f5es Unidas sobre os Oceanos a decorrer em Nice, Fran\u00e7a, na passada quinta-feira, 12 de Junho de 2025.<\/p>\n","protected":false},"excerpt":{"rendered":"<p>A Associa\u00e7\u00e3o para a Defesa do Ambiente e Desenvolvimento (ADAD) apresentou hoje a declara\u00e7\u00e3o da Praia em que se alerta para as transforma\u00e7\u00f5es com impactos \u201cnefastos\u201d devido \u00e0s mudan\u00e7as clim\u00e1ticas. O alerta, sa\u00eddo do F\u00f3rum sobre a Mobiliza\u00e7\u00e3o de Recursos para a protec\u00e7\u00e3o dos ecossistemas, foi dado no quadro do Dia Internacional da Desertifica\u00e7\u00e3o, celebrado<br \/><a class=\"moretag\" href=\"https:\/\/radiocomercial.cv\/?p=2234\">+ Read More<\/a><\/p>\n","protected":false},"author":2,"featured_media":2236,"comment_status":"open","ping_status":"open","sticky":false,"template":"","format":"standard","meta":{"footnotes":""},"categories":[6],"tags":[],"class_list":["post-2234","post","type-post","status-publish","format-standard","has-post-thumbnail","hentry","category-noticias"],"featured_image_src":"https:\/\/radiocomercial.cv\/wp-content\/uploads\/2025\/06\/Associacao_para_a_Defesa_do_Ambiente_e_Desenvolvimento_ADAD-2025.jpg","featured_image_src_square":"https:\/\/radiocomercial.cv\/wp-content\/uploads\/2025\/06\/Associacao_para_a_Defesa_do_Ambiente_e_Desenvolvimento_ADAD-2025.jpg","author_info":{"display_name":"Radio Comercial","author_link":"https:\/\/radiocomercial.cv\/?author=2"},"rbea_author_info":{"display_name":"Radio Comercial","author_link":"https:\/\/radiocomercial.cv\/?author=2"},"rbea_excerpt_info":"A Associa\u00e7\u00e3o para a Defesa do Ambiente e Desenvolvimento (ADAD) apresentou hoje a declara\u00e7\u00e3o da Praia em que se alerta para as transforma\u00e7\u00f5es com impactos \u201cnefastos\u201d devido \u00e0s mudan\u00e7as clim\u00e1ticas. O alerta, sa\u00eddo do F\u00f3rum sobre a Mobiliza\u00e7\u00e3o de Recursos para a protec\u00e7\u00e3o dos ecossistemas, foi dado no quadro do Dia Internacional da Desertifica\u00e7\u00e3o, celebrado<br><a class=\"moretag\" href=\"https:\/\/radiocomercial.cv\/?p=2234\">+ Read More<\/a>","category_list":"<a href=\"https:\/\/radiocomercial.cv\/?cat=6\" rel=\"category\">Noticias<\/a>","comments_num":"0 comments","_links":{"self":[{"href":"https:\/\/radiocomercial.cv\/index.php?rest_route=\/wp\/v2\/posts\/2234","targetHints":{"allow":["GET"]}}],"collection":[{"href":"https:\/\/radiocomercial.cv\/index.php?rest_route=\/wp\/v2\/posts"}],"about":[{"href":"https:\/\/radiocomercial.cv\/index.php?rest_route=\/wp\/v2\/types\/post"}],"author":[{"embeddable":true,"href":"https:\/\/radiocomercial.cv\/index.php?rest_route=\/wp\/v2\/users\/2"}],"replies":[{"embeddable":true,"href":"https:\/\/radiocomercial.cv\/index.php?rest_route=%2Fwp%2Fv2%2Fcomments&post=2234"}],"version-history":[{"count":1,"href":"https:\/\/radiocomercial.cv\/index.php?rest_route=\/wp\/v2\/posts\/2234\/revisions"}],"predecessor-version":[{"id":2237,"href":"https:\/\/radiocomercial.cv\/index.php?rest_route=\/wp\/v2\/posts\/2234\/revisions\/2237"}],"wp:featuredmedia":[{"embeddable":true,"href":"https:\/\/radiocomercial.cv\/index.php?rest_route=\/wp\/v2\/media\/2236"}],"wp:attachment":[{"href":"https:\/\/radiocomercial.cv\/index.php?rest_route=%2Fwp%2Fv2%2Fmedia&parent=2234"}],"wp:term":[{"taxonomy":"category","embeddable":true,"href":"https:\/\/radiocomercial.cv\/index.php?rest_route=%2Fwp%2Fv2%2Fcategories&post=2234"},{"taxonomy":"post_tag","embeddable":true,"href":"https:\/\/radiocomercial.cv\/index.php?rest_route=%2Fwp%2Fv2%2Ftags&post=2234"}],"curies":[{"name":"wp","href":"https:\/\/api.w.org\/{rel}","templated":true}]}}