{"id":2238,"date":"2025-06-18T12:58:50","date_gmt":"2025-06-18T12:58:50","guid":{"rendered":"https:\/\/radiocomercial.cv\/?p=2238"},"modified":"2025-06-18T12:58:52","modified_gmt":"2025-06-18T12:58:52","slug":"cidade-da-praia-recebe-festa-da-musica-inspirada-na-fete-de-la-musique","status":"publish","type":"post","link":"https:\/\/radiocomercial.cv\/?p=2238","title":{"rendered":"Cidade da Praia recebe Festa da M\u00fasica inspirada na \u201cF\u00eate de la Musique\u201d"},"content":{"rendered":"\n<p><strong>A cidade da Praia acolhe, de 18 a 21 de Junho, a Festa da M\u00fasica, inspirada na c\u00e9lebre \u201cF\u00eate de la Musique\u201d. O evento decorre em v\u00e1rios pontos da cidade, nomeadamente Alto Safende, Sucupira, Plat\u00f4, Palmarejo, Ponta d\u2019\u00c1gua e Kebra Canela.<\/strong><\/p>\n\n\n\n<p>A iniciativa \u00e9 promovida pela Sociedade Cabo-verdiana de M\u00fasica (SCM) e pela C\u00e2mara Municipal da Praia (CMP), em parceria com a Embaixada da Fran\u00e7a.<\/p>\n\n\n\n<p>Realizada no \u00e2mbito da celebra\u00e7\u00e3o dos 12 anos da SCM, a Festa da M\u00fasica baseia-se no conceito da \u201cF\u00eate de la Musique\u201d, uma celebra\u00e7\u00e3o musical criada em Fran\u00e7a, em 1982. De acordo com uma nota da SCM, em menos de dez anos, o evento passou a ser celebrado em 85 pa\u00edses dos cinco continentes, sendo actualmente assinalado em cerca de 120 pa\u00edses por todo o mundo.<\/p>\n\n\n\n<p>Este ano, com o apoio de v\u00e1rios parceiros, em especial da CMP e da Embaixada de Fran\u00e7a, o evento ser\u00e1 realizado em Cabo Verde com uma programa\u00e7\u00e3o rica em actividades culturais e musicais, entre os dias 18 e 21 de Junho de 2025. O objectivo, segundo a mesma fonte \u00e9 celebrar a m\u00fasica nas suas mais diversas formas e promover o acesso \u00e0 cultura para todos os p\u00fablicos, avan\u00e7a Expresso das ilhas.<\/p>\n\n\n\n<p>A SCM refor\u00e7a que tem como miss\u00e3o a gest\u00e3o colectiva dos direitos de propriedade intelectual no dom\u00ednio musical, garantindo uma compensa\u00e7\u00e3o justa para m\u00fasicos, autores, compositores, int\u00e9rpretes, produtores e editoras. &#8220;Al\u00e9m disso, promove o desenvolvimento art\u00edstico, a protec\u00e7\u00e3o social dos seus membros e valoriza a m\u00fasica cabo-verdiana e os seus agentes culturais&#8221;.<\/p>\n\n\n\n<p>Ap\u00f3s a cidade da Praia, a Festa da M\u00fasica seguir\u00e1 para S\u00e3o Domingos, Tarrafal, Santa Cruz, Santa Catarina e a ilha do Sal, para celebrar a m\u00fasica nas outras regi\u00f5es do pa\u00eds.<\/p>\n","protected":false},"excerpt":{"rendered":"<p>A cidade da Praia acolhe, de 18 a 21 de Junho, a Festa da M\u00fasica, inspirada na c\u00e9lebre \u201cF\u00eate de la Musique\u201d. O evento decorre em v\u00e1rios pontos da cidade, nomeadamente Alto Safende, Sucupira, Plat\u00f4, Palmarejo, Ponta d\u2019\u00c1gua e Kebra Canela. A iniciativa \u00e9 promovida pela Sociedade Cabo-verdiana de M\u00fasica (SCM) e pela C\u00e2mara Municipal<br \/><a class=\"moretag\" href=\"https:\/\/radiocomercial.cv\/?p=2238\">+ Read More<\/a><\/p>\n","protected":false},"author":2,"featured_media":2239,"comment_status":"open","ping_status":"open","sticky":false,"template":"","format":"standard","meta":{"footnotes":""},"categories":[6],"tags":[],"class_list":["post-2238","post","type-post","status-publish","format-standard","has-post-thumbnail","hentry","category-noticias"],"featured_image_src":"https:\/\/radiocomercial.cv\/wp-content\/uploads\/2025\/06\/Praia-recebe-Festa-da-Musica-2025.jpeg","featured_image_src_square":"https:\/\/radiocomercial.cv\/wp-content\/uploads\/2025\/06\/Praia-recebe-Festa-da-Musica-2025.jpeg","author_info":{"display_name":"Radio Comercial","author_link":"https:\/\/radiocomercial.cv\/?author=2"},"rbea_author_info":{"display_name":"Radio Comercial","author_link":"https:\/\/radiocomercial.cv\/?author=2"},"rbea_excerpt_info":"A cidade da Praia acolhe, de 18 a 21 de Junho, a Festa da M\u00fasica, inspirada na c\u00e9lebre \u201cF\u00eate de la Musique\u201d. O evento decorre em v\u00e1rios pontos da cidade, nomeadamente Alto Safende, Sucupira, Plat\u00f4, Palmarejo, Ponta d\u2019\u00c1gua e Kebra Canela. A iniciativa \u00e9 promovida pela Sociedade Cabo-verdiana de M\u00fasica (SCM) e pela C\u00e2mara Municipal<br><a class=\"moretag\" href=\"https:\/\/radiocomercial.cv\/?p=2238\">+ Read More<\/a>","category_list":"<a href=\"https:\/\/radiocomercial.cv\/?cat=6\" rel=\"category\">Noticias<\/a>","comments_num":"0 comments","_links":{"self":[{"href":"https:\/\/radiocomercial.cv\/index.php?rest_route=\/wp\/v2\/posts\/2238","targetHints":{"allow":["GET"]}}],"collection":[{"href":"https:\/\/radiocomercial.cv\/index.php?rest_route=\/wp\/v2\/posts"}],"about":[{"href":"https:\/\/radiocomercial.cv\/index.php?rest_route=\/wp\/v2\/types\/post"}],"author":[{"embeddable":true,"href":"https:\/\/radiocomercial.cv\/index.php?rest_route=\/wp\/v2\/users\/2"}],"replies":[{"embeddable":true,"href":"https:\/\/radiocomercial.cv\/index.php?rest_route=%2Fwp%2Fv2%2Fcomments&post=2238"}],"version-history":[{"count":1,"href":"https:\/\/radiocomercial.cv\/index.php?rest_route=\/wp\/v2\/posts\/2238\/revisions"}],"predecessor-version":[{"id":2240,"href":"https:\/\/radiocomercial.cv\/index.php?rest_route=\/wp\/v2\/posts\/2238\/revisions\/2240"}],"wp:featuredmedia":[{"embeddable":true,"href":"https:\/\/radiocomercial.cv\/index.php?rest_route=\/wp\/v2\/media\/2239"}],"wp:attachment":[{"href":"https:\/\/radiocomercial.cv\/index.php?rest_route=%2Fwp%2Fv2%2Fmedia&parent=2238"}],"wp:term":[{"taxonomy":"category","embeddable":true,"href":"https:\/\/radiocomercial.cv\/index.php?rest_route=%2Fwp%2Fv2%2Fcategories&post=2238"},{"taxonomy":"post_tag","embeddable":true,"href":"https:\/\/radiocomercial.cv\/index.php?rest_route=%2Fwp%2Fv2%2Ftags&post=2238"}],"curies":[{"name":"wp","href":"https:\/\/api.w.org\/{rel}","templated":true}]}}