{"id":2241,"date":"2025-06-19T16:32:18","date_gmt":"2025-06-19T16:32:18","guid":{"rendered":"https:\/\/radiocomercial.cv\/?p=2241"},"modified":"2025-06-19T16:32:19","modified_gmt":"2025-06-19T16:32:19","slug":"cabo-verde-estreia-se-nos-jogos-escolares-africanos-com-participacao-na-modalidade-de-atletismo","status":"publish","type":"post","link":"https:\/\/radiocomercial.cv\/?p=2241","title":{"rendered":"Cabo Verde estreia-se nos jogos escolares africanos com participa\u00e7\u00e3o na modalidade de atletismo"},"content":{"rendered":"\n<p><strong>Cabo Verde prepara-se para marcar presen\u00e7a, pela primeira vez, nos Jogos Escolares Africanos que decorrer\u00e3o entre 26 de Julho e 05 de Agosto em Arg\u00e9lia.<\/strong><\/p>\n\n\n\n<p>A comitiva cabo-verdiana, liderada por Heritson Resende, chefe de miss\u00e3o e representante do Comit\u00e9 Ol\u00edmpico Cabo-verdiano (COC), aposta numa participa\u00e7\u00e3o centrada na modalidade de atletismo.<\/p>\n\n\n\n<p>Segundo Resende, o atletismo foi a modalidade seleccionada n\u00e3o s\u00f3 pelo seu car\u00e1cter fundamental no curr\u00edculo da educa\u00e7\u00e3o f\u00edsica, mas tamb\u00e9m pela sua versatilidade, permitindo que um \u00fanico atleta participe em diversas disciplinas, como os 200 e 400 metros.<\/p>\n\n\n\n<p>\u201c\u00c9 uma experi\u00eancia \u00edmpar para os nossos estudantes-atletas. Estar num palco continental, pela primeira vez, ser\u00e1 marcante, tanto a n\u00edvel desportivo como emocional\u201d, afirmou.<\/p>\n\n\n\n<p>A composi\u00e7\u00e3o exacta da delega\u00e7\u00e3o cabo-verdiana ser\u00e1 conhecida at\u00e9 ao dia 20 de Junho, estando ainda em fase de finaliza\u00e7\u00e3o.<\/p>\n\n\n\n<p>No entanto, foi j\u00e1 assegurado que os atletas seleccionados foram escolhidos com base nos resultados obtidos nos Jogos Escolares e nas Olimp\u00edadas do Desporto Escolar realizados este ano.<\/p>\n\n\n\n<p>O processo de selec\u00e7\u00e3o contou com a estreita colabora\u00e7\u00e3o entre o Minist\u00e9rio da Educa\u00e7\u00e3o e a Federa\u00e7\u00e3o Cabo-verdiana de Atletismo, privilegiando os estudantes com melhores marcas ao longo do ano.<\/p>\n\n\n\n<p>Ap\u00f3s a selec\u00e7\u00e3o final, segundo Heritson, os atletas entrar\u00e3o numa fase intensiva de prepara\u00e7\u00e3o f\u00edsica e t\u00e9cnica, com o objectivo de garantir que estejam em boas condi\u00e7\u00f5es f\u00edsicas, t\u00e9cnicas e emocionais para representar dignamente o pa\u00eds.<\/p>\n\n\n\n<p>Al\u00e9m da componente competitiva, os Jogos Escolares Africanos ser\u00e3o tamb\u00e9m uma plataforma de interc\u00e2mbio cultural e de promo\u00e7\u00e3o da identidade africana entre os jovens.<\/p>\n\n\n\n<p>\u201cVai ser um momento de festa, de liga\u00e7\u00e3o entre os povos africanos, uma oportunidade para os nossos jovens conhecerem outros contextos, outras realidades e, acima de tudo, para se inspirarem\u201d, destacou Resende.<\/p>\n\n\n\n<p>Entre as actividades culturais previstas, a delega\u00e7\u00e3o participar\u00e1 nas cerim\u00f3nias de abertura e encerramento, e est\u00e1 ainda planeada uma ac\u00e7\u00e3o p\u00fablica em Cabo Verde antes da partida para promover o evento e mobilizar o apoio popular.<\/p>\n\n\n\n<p>Quanto \u00e0 transmiss\u00e3o das provas, Resende assegurou que a cobertura ser\u00e1 feita por canais argelinos, com o COC a garantir a partilha regular de informa\u00e7\u00f5es e resultados atrav\u00e9s das suas plataformas digitais, para que o p\u00fablico cabo-verdiano possa acompanhar \u00e0 dist\u00e2ncia, avan\u00e7a \u00e0 Inforpress.<\/p>\n\n\n\n<p>Em termos de objectivos, Heritson Resende foi claro:<\/p>\n\n\n\n<p>\u201cQueremos proporcionar esta experi\u00eancia \u00fanica aos nossos atletas, mas tamb\u00e9m competir ao mais alto n\u00edvel e, quem sabe, trazer medalhas para o nosso pa\u00eds. \u00c9 tamb\u00e9m uma forma de empoderar a nossa estrutura educativa e desportiva\u201d, disse.&nbsp;<\/p>\n\n\n\n<p>Por fim, o chefe de miss\u00e3o destacou o impacto que esta participa\u00e7\u00e3o poder\u00e1 ter no desenvolvimento do desporto escolar em Cabo Verde, referindo que \u00e9 uma fase da vida onde \u00e9 crucial ter uma organiza\u00e7\u00e3o e oportunidades, porque estes jogos podem ser um catalisador para refor\u00e7ar o desporto escolar e incentivar os jovens a acreditarem nos seus sonhos.<\/p>\n","protected":false},"excerpt":{"rendered":"<p>Cabo Verde prepara-se para marcar presen\u00e7a, pela primeira vez, nos Jogos Escolares Africanos que decorrer\u00e3o entre 26 de Julho e 05 de Agosto em Arg\u00e9lia. A comitiva cabo-verdiana, liderada por Heritson Resende, chefe de miss\u00e3o e representante do Comit\u00e9 Ol\u00edmpico Cabo-verdiano (COC), aposta numa participa\u00e7\u00e3o centrada na modalidade de atletismo. Segundo Resende, o atletismo foi<br \/><a class=\"moretag\" href=\"https:\/\/radiocomercial.cv\/?p=2241\">+ Read More<\/a><\/p>\n","protected":false},"author":2,"featured_media":2242,"comment_status":"open","ping_status":"open","sticky":false,"template":"","format":"standard","meta":{"footnotes":""},"categories":[6],"tags":[],"class_list":["post-2241","post","type-post","status-publish","format-standard","has-post-thumbnail","hentry","category-noticias"],"featured_image_src":"https:\/\/radiocomercial.cv\/wp-content\/uploads\/2025\/06\/jogos_escolares_Argelia_2025.jpg","featured_image_src_square":"https:\/\/radiocomercial.cv\/wp-content\/uploads\/2025\/06\/jogos_escolares_Argelia_2025.jpg","author_info":{"display_name":"Radio Comercial","author_link":"https:\/\/radiocomercial.cv\/?author=2"},"rbea_author_info":{"display_name":"Radio Comercial","author_link":"https:\/\/radiocomercial.cv\/?author=2"},"rbea_excerpt_info":"Cabo Verde prepara-se para marcar presen\u00e7a, pela primeira vez, nos Jogos Escolares Africanos que decorrer\u00e3o entre 26 de Julho e 05 de Agosto em Arg\u00e9lia. A comitiva cabo-verdiana, liderada por Heritson Resende, chefe de miss\u00e3o e representante do Comit\u00e9 Ol\u00edmpico Cabo-verdiano (COC), aposta numa participa\u00e7\u00e3o centrada na modalidade de atletismo. Segundo Resende, o atletismo foi<br><a class=\"moretag\" href=\"https:\/\/radiocomercial.cv\/?p=2241\">+ Read More<\/a>","category_list":"<a href=\"https:\/\/radiocomercial.cv\/?cat=6\" rel=\"category\">Noticias<\/a>","comments_num":"0 comments","_links":{"self":[{"href":"https:\/\/radiocomercial.cv\/index.php?rest_route=\/wp\/v2\/posts\/2241","targetHints":{"allow":["GET"]}}],"collection":[{"href":"https:\/\/radiocomercial.cv\/index.php?rest_route=\/wp\/v2\/posts"}],"about":[{"href":"https:\/\/radiocomercial.cv\/index.php?rest_route=\/wp\/v2\/types\/post"}],"author":[{"embeddable":true,"href":"https:\/\/radiocomercial.cv\/index.php?rest_route=\/wp\/v2\/users\/2"}],"replies":[{"embeddable":true,"href":"https:\/\/radiocomercial.cv\/index.php?rest_route=%2Fwp%2Fv2%2Fcomments&post=2241"}],"version-history":[{"count":1,"href":"https:\/\/radiocomercial.cv\/index.php?rest_route=\/wp\/v2\/posts\/2241\/revisions"}],"predecessor-version":[{"id":2243,"href":"https:\/\/radiocomercial.cv\/index.php?rest_route=\/wp\/v2\/posts\/2241\/revisions\/2243"}],"wp:featuredmedia":[{"embeddable":true,"href":"https:\/\/radiocomercial.cv\/index.php?rest_route=\/wp\/v2\/media\/2242"}],"wp:attachment":[{"href":"https:\/\/radiocomercial.cv\/index.php?rest_route=%2Fwp%2Fv2%2Fmedia&parent=2241"}],"wp:term":[{"taxonomy":"category","embeddable":true,"href":"https:\/\/radiocomercial.cv\/index.php?rest_route=%2Fwp%2Fv2%2Fcategories&post=2241"},{"taxonomy":"post_tag","embeddable":true,"href":"https:\/\/radiocomercial.cv\/index.php?rest_route=%2Fwp%2Fv2%2Ftags&post=2241"}],"curies":[{"name":"wp","href":"https:\/\/api.w.org\/{rel}","templated":true}]}}