{"id":2244,"date":"2025-06-20T18:38:39","date_gmt":"2025-06-20T18:38:39","guid":{"rendered":"https:\/\/radiocomercial.cv\/?p=2244"},"modified":"2025-06-20T18:38:40","modified_gmt":"2025-06-20T18:38:40","slug":"neguinho-tivane-lanca-single-maria-nas-plataformas-digitais-para-retratar-amor-verdadeiro","status":"publish","type":"post","link":"https:\/\/radiocomercial.cv\/?p=2244","title":{"rendered":"Neguinho Tivane lan\u00e7a single \u201cMaria\u201d nas plataformas digitais para retratar amor verdadeiro"},"content":{"rendered":"\n<p><strong>O jovem cantor mindelense Neguinho Tivane lan\u00e7ou hoje nas plataformas digitais o seu mais novo single \u201cMaria\u201d que procura resgatar o significado do amor verdadeiro que nos tempos actuais \u00e9 visto como um conceito passageiro.<\/strong><\/p>\n\n\n\n<p>A m\u00fasica j\u00e1 est\u00e1 dispon\u00edvel nas plataformas da internet, acompanhada tamb\u00e9m de videoclipe.<\/p>\n\n\n\n<p>O single, conforme a produtora do m\u00fasico, Harmonia, \u00e9 da autoria de Neguinho Tivane e retrata a profundidade e autenticidade do amor verdadeiro entre duas pessoas, em um momento em que \u201co amor nos relacionamentos passa por uma certa descredibiliza\u00e7\u00e3o\u201d.<\/p>\n\n\n\n<p>O artista, segundo a mesma fonte, utiliza esta m\u00fasica como uma reflex\u00e3o para o significado do amor, contrastando com a realidade actual, na qual muitas vezes o amor \u00e9 visto como um conceito passageiro.<\/p>\n\n\n\n<p>\u201cAinda existe qu\u00edmica, existem hist\u00f3rias de amor genu\u00ednas que merecem ser celebradas. Ent\u00e3o se ainda existe amor entre casais deve tamb\u00e9m existir algu\u00e9m para o escrever e descrever\u201d, real\u00e7ou o cantor em nota.<\/p>\n\n\n\n<p>Sobre a escolha do nome, Neguinho explicou que se deve ao facto de todo o mundo ter uma \u201cMaria\u201d em sua vida ou fam\u00edlia e no seu caso \u00e9 o nome da sua m\u00e3e.<\/p>\n\n\n\n<p>Da\u00ed, tratar-se tamb\u00e9m de uma homenagem \u00e0 sua progenitora.<\/p>\n\n\n\n<p>A composi\u00e7\u00e3o, de acordo com o cantor, pretende tocar os cora\u00e7\u00f5es e reacender a esperan\u00e7a em um amor verdadeiro.<\/p>\n\n\n\n<p>\u201cMaria\u201d chega agora, ap\u00f3s em Outubro do ano passado Neguinho Tivane ter colocado no mercado \u201cOutubro Rosa\u201d, uma m\u00fasica dedicada a todas as mulheres que lutam contra o cancro de mama.<\/p>\n\n\n\n<figure class=\"wp-block-embed is-type-video is-provider-youtube wp-block-embed-youtube wp-embed-aspect-16-9 wp-has-aspect-ratio\"><div class=\"wp-block-embed__wrapper\">\n<iframe title=\"Neguinho Tivane - MARIA\" width=\"500\" height=\"281\" src=\"https:\/\/www.youtube.com\/embed\/kC69KVUg9eA?start=11&#038;feature=oembed\" frameborder=\"0\" allow=\"accelerometer; autoplay; clipboard-write; encrypted-media; gyroscope; picture-in-picture; web-share\" referrerpolicy=\"strict-origin-when-cross-origin\" allowfullscreen><\/iframe>\n<\/div><\/figure>\n","protected":false},"excerpt":{"rendered":"<p>O jovem cantor mindelense Neguinho Tivane lan\u00e7ou hoje nas plataformas digitais o seu mais novo single \u201cMaria\u201d que procura resgatar o significado do amor verdadeiro que nos tempos actuais \u00e9 visto como um conceito passageiro. A m\u00fasica j\u00e1 est\u00e1 dispon\u00edvel nas plataformas da internet, acompanhada tamb\u00e9m de videoclipe. O single, conforme a produtora do m\u00fasico,<br \/><a class=\"moretag\" href=\"https:\/\/radiocomercial.cv\/?p=2244\">+ Read More<\/a><\/p>\n","protected":false},"author":2,"featured_media":2245,"comment_status":"open","ping_status":"open","sticky":false,"template":"","format":"standard","meta":{"footnotes":""},"categories":[6],"tags":[],"class_list":["post-2244","post","type-post","status-publish","format-standard","has-post-thumbnail","hentry","category-noticias"],"featured_image_src":"https:\/\/radiocomercial.cv\/wp-content\/uploads\/2025\/06\/Neguinho_Tivane-Maria-2025.jpg","featured_image_src_square":"https:\/\/radiocomercial.cv\/wp-content\/uploads\/2025\/06\/Neguinho_Tivane-Maria-2025.jpg","author_info":{"display_name":"Radio Comercial","author_link":"https:\/\/radiocomercial.cv\/?author=2"},"rbea_author_info":{"display_name":"Radio Comercial","author_link":"https:\/\/radiocomercial.cv\/?author=2"},"rbea_excerpt_info":"O jovem cantor mindelense Neguinho Tivane lan\u00e7ou hoje nas plataformas digitais o seu mais novo single \u201cMaria\u201d que procura resgatar o significado do amor verdadeiro que nos tempos actuais \u00e9 visto como um conceito passageiro. A m\u00fasica j\u00e1 est\u00e1 dispon\u00edvel nas plataformas da internet, acompanhada tamb\u00e9m de videoclipe. O single, conforme a produtora do m\u00fasico,<br><a class=\"moretag\" href=\"https:\/\/radiocomercial.cv\/?p=2244\">+ Read More<\/a>","category_list":"<a href=\"https:\/\/radiocomercial.cv\/?cat=6\" rel=\"category\">Noticias<\/a>","comments_num":"0 comments","_links":{"self":[{"href":"https:\/\/radiocomercial.cv\/index.php?rest_route=\/wp\/v2\/posts\/2244","targetHints":{"allow":["GET"]}}],"collection":[{"href":"https:\/\/radiocomercial.cv\/index.php?rest_route=\/wp\/v2\/posts"}],"about":[{"href":"https:\/\/radiocomercial.cv\/index.php?rest_route=\/wp\/v2\/types\/post"}],"author":[{"embeddable":true,"href":"https:\/\/radiocomercial.cv\/index.php?rest_route=\/wp\/v2\/users\/2"}],"replies":[{"embeddable":true,"href":"https:\/\/radiocomercial.cv\/index.php?rest_route=%2Fwp%2Fv2%2Fcomments&post=2244"}],"version-history":[{"count":1,"href":"https:\/\/radiocomercial.cv\/index.php?rest_route=\/wp\/v2\/posts\/2244\/revisions"}],"predecessor-version":[{"id":2246,"href":"https:\/\/radiocomercial.cv\/index.php?rest_route=\/wp\/v2\/posts\/2244\/revisions\/2246"}],"wp:featuredmedia":[{"embeddable":true,"href":"https:\/\/radiocomercial.cv\/index.php?rest_route=\/wp\/v2\/media\/2245"}],"wp:attachment":[{"href":"https:\/\/radiocomercial.cv\/index.php?rest_route=%2Fwp%2Fv2%2Fmedia&parent=2244"}],"wp:term":[{"taxonomy":"category","embeddable":true,"href":"https:\/\/radiocomercial.cv\/index.php?rest_route=%2Fwp%2Fv2%2Fcategories&post=2244"},{"taxonomy":"post_tag","embeddable":true,"href":"https:\/\/radiocomercial.cv\/index.php?rest_route=%2Fwp%2Fv2%2Ftags&post=2244"}],"curies":[{"name":"wp","href":"https:\/\/api.w.org\/{rel}","templated":true}]}}