{"id":2307,"date":"2025-08-13T18:54:41","date_gmt":"2025-08-13T18:54:41","guid":{"rendered":"https:\/\/radiocomercial.cv\/?p=2307"},"modified":"2025-08-13T18:54:42","modified_gmt":"2025-08-13T18:54:42","slug":"ilha-do-maio-acolhe-primeira-edicao-do-festival-nacional-de-teatro-albica","status":"publish","type":"post","link":"https:\/\/radiocomercial.cv\/?p=2307","title":{"rendered":"Ilha do Maio acolhe primeira edi\u00e7\u00e3o do Festival Nacional de Teatro \u201cAlbi\u00e7a\u201d"},"content":{"rendered":"\n<p><strong>A ilha do Maio acolhe, de 14 a 17 de Agosto, a primeira edi\u00e7\u00e3o do Festival Nacional de Teatro \u201cAlbi\u00e7a\u201d, que vai reunir, no audit\u00f3rio da Escola Horace Silver, nomes do teatro nacional e internacional.\u00a0<\/strong><\/p>\n\n\n\n<p>Em confer\u00eancia de imprensa, o director do festival, Bernardino Fernandes, avan\u00e7ou que se trata de um festival com caracter\u00edsticas maienses e idealizado para pensar o estado do teatro na ilha do Maio.<\/p>\n\n\n\n<p>\u201cA ilha do Maio tem hist\u00f3ria no teatro e \u00e9 preciso organizar e juntar as pessoas. Pretendemos trazer artistas para discutir o teatro na ilha. \u00c9 um festival para os maienses e quem sabe, futuramente, fazer uma extens\u00e3o do festival para outras ilhas ou pa\u00edses\u201d, explicou \u00e0 imprensa.&nbsp;<\/p>\n\n\n\n<p>Segundo o director, o \u201cAlbi\u00e7a\u201d centra-se no conceito de \u201cmontra de artes c\u00e9nicas\u201d de produ\u00e7\u00e3o nacional, ao mesmo tempo que pretende dar visibilidade \u00e0 ilha do Maio na arte da representa\u00e7\u00e3o.&nbsp;<\/p>\n\n\n\n<p>O festival arranca esta quinta-feira, 14, com workshop de adapta\u00e7\u00e3o dram\u00e1tica e apresenta\u00e7\u00e3o das pe\u00e7as \u201cNha Kansera Ka Ten Midida\u201d, de M\u00e1rio Tavares, que exp\u00f5e acontecimentos tr\u00e1gicos ocorridos na ilha do Maio nos anos 40, e \u201cA Desclarifica\u00e7\u00e3o\u201d de Mark Norfolk.&nbsp;<\/p>\n\n\n\n<p>Na sexta-feira, 15, prossegue com workshop de encena\u00e7\u00e3o e apresenta\u00e7\u00e3o da pe\u00e7a \u201cCabral, A \u00daltima Luta do Homem Grande\u201d.&nbsp;<\/p>\n\n\n\n<p>No s\u00e1bado, 16, debate-se o teatro em Cabo Verde e no per\u00edodo da tarde o Forte de S\u00e3o Jos\u00e9 recebe o concerto intimista do m\u00fasico Tibau e apresenta\u00e7\u00e3o do espect\u00e1culo \u201cSacralidade\u201d da bailarina Rosy Timas, avan\u00e7a \u00e0 Inforpress.<\/p>\n\n\n\n<p>O festival \u00e9 organizado em parceria com a Associa\u00e7\u00e3o Cultural e Teatral D\u2019ja de Sal, Teatro Internacional de Cabo Verde (Ticave) e com a associa\u00e7\u00e3o local Pro-Morro.&nbsp;<\/p>\n\n\n\n<p>\u201cAlbi\u00e7a\u201d (alv\u00edssaras, em portugu\u00eas) \u00e9 uma express\u00e3o t\u00edpica da ilha do Maio&nbsp;que significa boa not\u00edcia ou boa-nova.&nbsp;<\/p>\n","protected":false},"excerpt":{"rendered":"<p>A ilha do Maio acolhe, de 14 a 17 de Agosto, a primeira edi\u00e7\u00e3o do Festival Nacional de Teatro \u201cAlbi\u00e7a\u201d, que vai reunir, no audit\u00f3rio da Escola Horace Silver, nomes do teatro nacional e internacional.\u00a0 Em confer\u00eancia de imprensa, o director do festival, Bernardino Fernandes, avan\u00e7ou que se trata de um festival com caracter\u00edsticas maienses<br \/><a class=\"moretag\" href=\"https:\/\/radiocomercial.cv\/?p=2307\">+ Read More<\/a><\/p>\n","protected":false},"author":2,"featured_media":2308,"comment_status":"open","ping_status":"open","sticky":false,"template":"","format":"standard","meta":{"footnotes":""},"categories":[6],"tags":[],"class_list":["post-2307","post","type-post","status-publish","format-standard","has-post-thumbnail","hentry","category-noticias"],"featured_image_src":"https:\/\/radiocomercial.cv\/wp-content\/uploads\/2025\/08\/Festival_Teatro_ilha_do_Maio-2025.jpg","featured_image_src_square":"https:\/\/radiocomercial.cv\/wp-content\/uploads\/2025\/08\/Festival_Teatro_ilha_do_Maio-2025.jpg","author_info":{"display_name":"Radio Comercial","author_link":"https:\/\/radiocomercial.cv\/?author=2"},"rbea_author_info":{"display_name":"Radio Comercial","author_link":"https:\/\/radiocomercial.cv\/?author=2"},"rbea_excerpt_info":"A ilha do Maio acolhe, de 14 a 17 de Agosto, a primeira edi\u00e7\u00e3o do Festival Nacional de Teatro \u201cAlbi\u00e7a\u201d, que vai reunir, no audit\u00f3rio da Escola Horace Silver, nomes do teatro nacional e internacional.\u00a0 Em confer\u00eancia de imprensa, o director do festival, Bernardino Fernandes, avan\u00e7ou que se trata de um festival com caracter\u00edsticas maienses<br><a class=\"moretag\" href=\"https:\/\/radiocomercial.cv\/?p=2307\">+ Read More<\/a>","category_list":"<a href=\"https:\/\/radiocomercial.cv\/?cat=6\" rel=\"category\">Noticias<\/a>","comments_num":"0 comments","_links":{"self":[{"href":"https:\/\/radiocomercial.cv\/index.php?rest_route=\/wp\/v2\/posts\/2307","targetHints":{"allow":["GET"]}}],"collection":[{"href":"https:\/\/radiocomercial.cv\/index.php?rest_route=\/wp\/v2\/posts"}],"about":[{"href":"https:\/\/radiocomercial.cv\/index.php?rest_route=\/wp\/v2\/types\/post"}],"author":[{"embeddable":true,"href":"https:\/\/radiocomercial.cv\/index.php?rest_route=\/wp\/v2\/users\/2"}],"replies":[{"embeddable":true,"href":"https:\/\/radiocomercial.cv\/index.php?rest_route=%2Fwp%2Fv2%2Fcomments&post=2307"}],"version-history":[{"count":1,"href":"https:\/\/radiocomercial.cv\/index.php?rest_route=\/wp\/v2\/posts\/2307\/revisions"}],"predecessor-version":[{"id":2309,"href":"https:\/\/radiocomercial.cv\/index.php?rest_route=\/wp\/v2\/posts\/2307\/revisions\/2309"}],"wp:featuredmedia":[{"embeddable":true,"href":"https:\/\/radiocomercial.cv\/index.php?rest_route=\/wp\/v2\/media\/2308"}],"wp:attachment":[{"href":"https:\/\/radiocomercial.cv\/index.php?rest_route=%2Fwp%2Fv2%2Fmedia&parent=2307"}],"wp:term":[{"taxonomy":"category","embeddable":true,"href":"https:\/\/radiocomercial.cv\/index.php?rest_route=%2Fwp%2Fv2%2Fcategories&post=2307"},{"taxonomy":"post_tag","embeddable":true,"href":"https:\/\/radiocomercial.cv\/index.php?rest_route=%2Fwp%2Fv2%2Ftags&post=2307"}],"curies":[{"name":"wp","href":"https:\/\/api.w.org\/{rel}","templated":true}]}}