{"id":2310,"date":"2025-08-14T18:46:42","date_gmt":"2025-08-14T18:46:42","guid":{"rendered":"https:\/\/radiocomercial.cv\/?p=2310"},"modified":"2025-08-14T18:46:43","modified_gmt":"2025-08-14T18:46:43","slug":"insp-e-dns-alertam-para-riscos-sanitarios-apos-chuvas-intensas-nas-ilhas-do-norte","status":"publish","type":"post","link":"https:\/\/radiocomercial.cv\/?p=2310","title":{"rendered":"INSP e DNS alertam para riscos sanit\u00e1rios ap\u00f3s chuvas intensas nas ilhas do Norte"},"content":{"rendered":"\n<p><strong>O Instituto Nacional de Sa\u00fade P\u00fablica (INSP) e a Dire\u00e7\u00e3o Nacional de Sa\u00fade (DNS) emitiram um alerta \u00e0 popula\u00e7\u00e3o das ilhas de S\u00e3o Vicente e Santo Ant\u00e3o devido \u00e0s chuvas intensas provocadas pela tempestade Erin, que aumentam o risco de doen\u00e7as transmitidas por mosquitos e de outros problemas de sa\u00fade. As autoridades recomendam medidas de preven\u00e7\u00e3o, como elimina\u00e7\u00e3o de \u00e1guas paradas, uso de repelente e cuidados com alimentos e ambientes alagados.<\/strong><\/p>\n\n\n\n<p>Entre as recomenda\u00e7\u00f5es est\u00e3o a elimina\u00e7\u00e3o de \u00e1gua acumulada em recipientes, a cobertura de dep\u00f3sitos de armazenamento, o uso di\u00e1rio de repelente e roupas que protejam bra\u00e7os e pernas. As autoridades desaconselham ainda banhos no mar durante este per\u00edodo.<\/p>\n\n\n\n<p>Al\u00e9m das precau\u00e7\u00f5es contra mosquitos, o INSP e a DNS alertam para outros riscos relacionados \u00e0s chuvas, incluindo contamina\u00e7\u00e3o de alimentos e \u00e1gua, deslizamentos de terra e acidentes com cabos el\u00e9tricos ca\u00eddos. \u00c9 recomendado que frutas e legumes sejam bem lavados e que alimentos que tiveram contacto com \u00e1gua de inunda\u00e7\u00e3o sejam evitados, reporta Expresso das ilhas.<\/p>\n\n\n\n<p>O comunicado lembra tamb\u00e9m a import\u00e2ncia da sa\u00fade mental, incentivando a popula\u00e7\u00e3o a procurar apoio junto de familiares, vizinhos ou profissionais de sa\u00fade em casos de ansiedade ou tristeza. Pessoas com doen\u00e7as cr\u00f3nicas devem manter a medica\u00e7\u00e3o habitual.<\/p>\n","protected":false},"excerpt":{"rendered":"<p>O Instituto Nacional de Sa\u00fade P\u00fablica (INSP) e a Dire\u00e7\u00e3o Nacional de Sa\u00fade (DNS) emitiram um alerta \u00e0 popula\u00e7\u00e3o das ilhas de S\u00e3o Vicente e Santo Ant\u00e3o devido \u00e0s chuvas intensas provocadas pela tempestade Erin, que aumentam o risco de doen\u00e7as transmitidas por mosquitos e de outros problemas de sa\u00fade. As autoridades recomendam medidas de<br \/><a class=\"moretag\" href=\"https:\/\/radiocomercial.cv\/?p=2310\">+ Read More<\/a><\/p>\n","protected":false},"author":2,"featured_media":2311,"comment_status":"open","ping_status":"open","sticky":false,"template":"","format":"standard","meta":{"footnotes":""},"categories":[6],"tags":[],"class_list":["post-2310","post","type-post","status-publish","format-standard","has-post-thumbnail","hentry","category-noticias"],"featured_image_src":"https:\/\/radiocomercial.cv\/wp-content\/uploads\/2025\/08\/INSP-e-DNS-alertam-para-riscos-sanitarios-apos-chuvas-intensas-nas-ilhas-do-Norte.jpeg","featured_image_src_square":"https:\/\/radiocomercial.cv\/wp-content\/uploads\/2025\/08\/INSP-e-DNS-alertam-para-riscos-sanitarios-apos-chuvas-intensas-nas-ilhas-do-Norte.jpeg","author_info":{"display_name":"Radio Comercial","author_link":"https:\/\/radiocomercial.cv\/?author=2"},"rbea_author_info":{"display_name":"Radio Comercial","author_link":"https:\/\/radiocomercial.cv\/?author=2"},"rbea_excerpt_info":"O Instituto Nacional de Sa\u00fade P\u00fablica (INSP) e a Dire\u00e7\u00e3o Nacional de Sa\u00fade (DNS) emitiram um alerta \u00e0 popula\u00e7\u00e3o das ilhas de S\u00e3o Vicente e Santo Ant\u00e3o devido \u00e0s chuvas intensas provocadas pela tempestade Erin, que aumentam o risco de doen\u00e7as transmitidas por mosquitos e de outros problemas de sa\u00fade. As autoridades recomendam medidas de<br><a class=\"moretag\" href=\"https:\/\/radiocomercial.cv\/?p=2310\">+ Read More<\/a>","category_list":"<a href=\"https:\/\/radiocomercial.cv\/?cat=6\" rel=\"category\">Noticias<\/a>","comments_num":"0 comments","_links":{"self":[{"href":"https:\/\/radiocomercial.cv\/index.php?rest_route=\/wp\/v2\/posts\/2310","targetHints":{"allow":["GET"]}}],"collection":[{"href":"https:\/\/radiocomercial.cv\/index.php?rest_route=\/wp\/v2\/posts"}],"about":[{"href":"https:\/\/radiocomercial.cv\/index.php?rest_route=\/wp\/v2\/types\/post"}],"author":[{"embeddable":true,"href":"https:\/\/radiocomercial.cv\/index.php?rest_route=\/wp\/v2\/users\/2"}],"replies":[{"embeddable":true,"href":"https:\/\/radiocomercial.cv\/index.php?rest_route=%2Fwp%2Fv2%2Fcomments&post=2310"}],"version-history":[{"count":1,"href":"https:\/\/radiocomercial.cv\/index.php?rest_route=\/wp\/v2\/posts\/2310\/revisions"}],"predecessor-version":[{"id":2312,"href":"https:\/\/radiocomercial.cv\/index.php?rest_route=\/wp\/v2\/posts\/2310\/revisions\/2312"}],"wp:featuredmedia":[{"embeddable":true,"href":"https:\/\/radiocomercial.cv\/index.php?rest_route=\/wp\/v2\/media\/2311"}],"wp:attachment":[{"href":"https:\/\/radiocomercial.cv\/index.php?rest_route=%2Fwp%2Fv2%2Fmedia&parent=2310"}],"wp:term":[{"taxonomy":"category","embeddable":true,"href":"https:\/\/radiocomercial.cv\/index.php?rest_route=%2Fwp%2Fv2%2Fcategories&post=2310"},{"taxonomy":"post_tag","embeddable":true,"href":"https:\/\/radiocomercial.cv\/index.php?rest_route=%2Fwp%2Fv2%2Ftags&post=2310"}],"curies":[{"name":"wp","href":"https:\/\/api.w.org\/{rel}","templated":true}]}}