{"id":2313,"date":"2025-08-14T18:51:56","date_gmt":"2025-08-14T18:51:56","guid":{"rendered":"https:\/\/radiocomercial.cv\/?p=2313"},"modified":"2025-08-14T18:51:58","modified_gmt":"2025-08-14T18:51:58","slug":"ajoc-reconhece-trabalho-de-jornalistas-nas-ilhas-afectadas-pela-tempestade","status":"publish","type":"post","link":"https:\/\/radiocomercial.cv\/?p=2313","title":{"rendered":"AJOC reconhece trabalho de jornalistas nas ilhas afectadas pela tempestade"},"content":{"rendered":"\n<p><strong>A Associa\u00e7\u00e3o Sindical dos Jornalistas de Cabo Verde (AJOC) reconheceu hoje o trabalho dos jornalistas, rep\u00f3rteres de imagem e fotojornalistas nas ilhas de S\u00e3o Vicente, Santo Ant\u00e3o e S\u00e3o Nicolau, fortemente afectadas pela recente e devastadora tempestade.<\/strong><\/p>\n\n\n\n<p>S\u00e3o Vicente foi a ilha mais afectada, registando maiores estragos provocados pela forte tempestade que assolou a regi\u00e3o, deixando \u201cum rastro de destrui\u00e7\u00e3o, dor e incerteza\u201d.<\/p>\n\n\n\n<p>Em comunicado, a AJOC destacou que o desempenho demonstrado, mesmo em contexto de adversidade e com recursos por vezes limitados, \u201crevela a compet\u00eancia t\u00e9cnica e um elevado sentido de miss\u00e3o e compromisso para com o dever de informar\u201d.<\/p>\n\n\n\n<p>Sublinhou ainda que a capacidade de assegurar a cobertura de acontecimentos relevantes, \u201cmesmo sem respostas de fontes oficiais\u201d, manteve informadas as popula\u00e7\u00f5es locais, nacionais e al\u00e9m-fronteiras, constituindo \u201cum exemplo de profissionalismo e resili\u00eancia\u201d.<\/p>\n\n\n\n<p>O comunicado frisa que, embora o trabalho dos jornalistas seja por vezes alvo de cr\u00edticas \u201cinfundadas\u201d, muitas partem de quem desconhece a realidade no terreno.<\/p>\n\n\n\n<p>A AJOC alertou tamb\u00e9m para o aumento da dissemina\u00e7\u00e3o de \u201cfake news\u201d e desinforma\u00e7\u00e3o nas redes sociais, salientando que, nestes contextos, \u201co papel do jornalista torna-se ainda mais importante para levar ao p\u00fablico informa\u00e7\u00e3o verdadeira, rigorosa e verificada, sem ceder ao p\u00e2nico, ao sensacionalismo e, muito menos, \u00e0 especula\u00e7\u00e3o\u201d.<\/p>\n\n\n\n<p>A AJOC reconheceu que exercer o jornalismo nestas circunst\u00e2ncias exige determina\u00e7\u00e3o, rigor e independ\u00eancia editorial e refor\u00e7ou o compromisso de continuar a defender condi\u00e7\u00f5es de trabalho adequadas, \u00e0 salvaguarda da liberdade de imprensa e a protec\u00e7\u00e3o da integridade e independ\u00eancia dos profissionais.<\/p>\n\n\n\n<p>\u201cA todos, reiteramos a nossa admira\u00e7\u00e3o pelo contributo di\u00e1rio que d\u00e3o ao fortalecimento do jornalismo em Cabo Verde e \u00e0 consolida\u00e7\u00e3o do direito dos cidad\u00e3os a uma informa\u00e7\u00e3o livre, plural e respons\u00e1vel\u201d, concluiu o comunicado.<\/p>\n","protected":false},"excerpt":{"rendered":"<p>A Associa\u00e7\u00e3o Sindical dos Jornalistas de Cabo Verde (AJOC) reconheceu hoje o trabalho dos jornalistas, rep\u00f3rteres de imagem e fotojornalistas nas ilhas de S\u00e3o Vicente, Santo Ant\u00e3o e S\u00e3o Nicolau, fortemente afectadas pela recente e devastadora tempestade. S\u00e3o Vicente foi a ilha mais afectada, registando maiores estragos provocados pela forte tempestade que assolou a regi\u00e3o,<br \/><a class=\"moretag\" href=\"https:\/\/radiocomercial.cv\/?p=2313\">+ Read More<\/a><\/p>\n","protected":false},"author":2,"featured_media":2314,"comment_status":"open","ping_status":"open","sticky":false,"template":"","format":"standard","meta":{"footnotes":""},"categories":[6],"tags":[],"class_list":["post-2313","post","type-post","status-publish","format-standard","has-post-thumbnail","hentry","category-noticias"],"featured_image_src":"https:\/\/radiocomercial.cv\/wp-content\/uploads\/2025\/08\/AJOC-reconhece-trabalho-de-jornalistas-nas-ilhas-afectadas-pela-tempestade.jpg","featured_image_src_square":"https:\/\/radiocomercial.cv\/wp-content\/uploads\/2025\/08\/AJOC-reconhece-trabalho-de-jornalistas-nas-ilhas-afectadas-pela-tempestade.jpg","author_info":{"display_name":"Radio Comercial","author_link":"https:\/\/radiocomercial.cv\/?author=2"},"rbea_author_info":{"display_name":"Radio Comercial","author_link":"https:\/\/radiocomercial.cv\/?author=2"},"rbea_excerpt_info":"A Associa\u00e7\u00e3o Sindical dos Jornalistas de Cabo Verde (AJOC) reconheceu hoje o trabalho dos jornalistas, rep\u00f3rteres de imagem e fotojornalistas nas ilhas de S\u00e3o Vicente, Santo Ant\u00e3o e S\u00e3o Nicolau, fortemente afectadas pela recente e devastadora tempestade. S\u00e3o Vicente foi a ilha mais afectada, registando maiores estragos provocados pela forte tempestade que assolou a regi\u00e3o,<br><a class=\"moretag\" href=\"https:\/\/radiocomercial.cv\/?p=2313\">+ Read More<\/a>","category_list":"<a href=\"https:\/\/radiocomercial.cv\/?cat=6\" rel=\"category\">Noticias<\/a>","comments_num":"0 comments","_links":{"self":[{"href":"https:\/\/radiocomercial.cv\/index.php?rest_route=\/wp\/v2\/posts\/2313","targetHints":{"allow":["GET"]}}],"collection":[{"href":"https:\/\/radiocomercial.cv\/index.php?rest_route=\/wp\/v2\/posts"}],"about":[{"href":"https:\/\/radiocomercial.cv\/index.php?rest_route=\/wp\/v2\/types\/post"}],"author":[{"embeddable":true,"href":"https:\/\/radiocomercial.cv\/index.php?rest_route=\/wp\/v2\/users\/2"}],"replies":[{"embeddable":true,"href":"https:\/\/radiocomercial.cv\/index.php?rest_route=%2Fwp%2Fv2%2Fcomments&post=2313"}],"version-history":[{"count":1,"href":"https:\/\/radiocomercial.cv\/index.php?rest_route=\/wp\/v2\/posts\/2313\/revisions"}],"predecessor-version":[{"id":2315,"href":"https:\/\/radiocomercial.cv\/index.php?rest_route=\/wp\/v2\/posts\/2313\/revisions\/2315"}],"wp:featuredmedia":[{"embeddable":true,"href":"https:\/\/radiocomercial.cv\/index.php?rest_route=\/wp\/v2\/media\/2314"}],"wp:attachment":[{"href":"https:\/\/radiocomercial.cv\/index.php?rest_route=%2Fwp%2Fv2%2Fmedia&parent=2313"}],"wp:term":[{"taxonomy":"category","embeddable":true,"href":"https:\/\/radiocomercial.cv\/index.php?rest_route=%2Fwp%2Fv2%2Fcategories&post=2313"},{"taxonomy":"post_tag","embeddable":true,"href":"https:\/\/radiocomercial.cv\/index.php?rest_route=%2Fwp%2Fv2%2Ftags&post=2313"}],"curies":[{"name":"wp","href":"https:\/\/api.w.org\/{rel}","templated":true}]}}