{"id":2316,"date":"2025-08-18T16:59:06","date_gmt":"2025-08-18T16:59:06","guid":{"rendered":"https:\/\/radiocomercial.cv\/?p=2316"},"modified":"2025-08-18T16:59:34","modified_gmt":"2025-08-18T16:59:34","slug":"cerca-de-40-baleias-piloto-encalham-na-praia-da-varandinha-na-boa-vista","status":"publish","type":"post","link":"https:\/\/radiocomercial.cv\/?p=2316","title":{"rendered":"Cerca de 40 baleias-piloto encalham na praia da Varandinha na Boa Vista"},"content":{"rendered":"\n<p><strong>Cerca de 40 baleias-piloto (Globicephala macrorhynchus) encalharam, no s\u00e1bado, 16, na praia da Varandinha, Boa Vista.<\/strong><\/p>\n\n\n\n<p>Segundo a Cabo Verde Natura 2000, durante mais de quatro horas, elementos da Bios.CV, Funda\u00e7\u00e3o Tartaruga, , Minist\u00e9rio da Agricultura e Ambiente e da pr\u00f3pria Cabo Verde Natura 2000, bem como membros da comunidade local, surfistas e turistas, uniram esfor\u00e7os para tentar devolver os animais ao mar.<\/p>\n\n\n\n<p>Apesar da mobiliza\u00e7\u00e3o coletiva, a opera\u00e7\u00e3o n\u00e3o teve o desfecho desejado. Ainda assim, as organiza\u00e7\u00f5es envolvidas sublinham que a uni\u00e3o demonstrada no terreno \u201creflete o empenho e a solidariedade da comunidade perante situa\u00e7\u00f5es extremas\u201d, avan\u00e7a Expresso das ilhas.<\/p>\n\n\n\n<p>A Cabo Verde Natura 2000 relembra, entretanto, que casos semelhantes j\u00e1 tinham sido registados em 2007, 2019, 2024 e novamente este ano.<\/p>\n","protected":false},"excerpt":{"rendered":"<p>Cerca de 40 baleias-piloto (Globicephala macrorhynchus) encalharam, no s\u00e1bado, 16, na praia da Varandinha, Boa Vista. Segundo a Cabo Verde Natura 2000, durante mais de quatro horas, elementos da Bios.CV, Funda\u00e7\u00e3o Tartaruga, , Minist\u00e9rio da Agricultura e Ambiente e da pr\u00f3pria Cabo Verde Natura 2000, bem como membros da comunidade local, surfistas e turistas, uniram<br \/><a class=\"moretag\" href=\"https:\/\/radiocomercial.cv\/?p=2316\">+ Read More<\/a><\/p>\n","protected":false},"author":2,"featured_media":2317,"comment_status":"open","ping_status":"open","sticky":false,"template":"","format":"standard","meta":{"footnotes":""},"categories":[6],"tags":[],"class_list":["post-2316","post","type-post","status-publish","format-standard","has-post-thumbnail","hentry","category-noticias"],"featured_image_src":"https:\/\/radiocomercial.cv\/wp-content\/uploads\/2025\/08\/Cerca-de-40-baleias-piloto-encalham-na-praia-da-Varandinha-na-Boa-Vista.jpeg","featured_image_src_square":"https:\/\/radiocomercial.cv\/wp-content\/uploads\/2025\/08\/Cerca-de-40-baleias-piloto-encalham-na-praia-da-Varandinha-na-Boa-Vista.jpeg","author_info":{"display_name":"Radio Comercial","author_link":"https:\/\/radiocomercial.cv\/?author=2"},"rbea_author_info":{"display_name":"Radio Comercial","author_link":"https:\/\/radiocomercial.cv\/?author=2"},"rbea_excerpt_info":"Cerca de 40 baleias-piloto (Globicephala macrorhynchus) encalharam, no s\u00e1bado, 16, na praia da Varandinha, Boa Vista. Segundo a Cabo Verde Natura 2000, durante mais de quatro horas, elementos da Bios.CV, Funda\u00e7\u00e3o Tartaruga, , Minist\u00e9rio da Agricultura e Ambiente e da pr\u00f3pria Cabo Verde Natura 2000, bem como membros da comunidade local, surfistas e turistas, uniram<br><a class=\"moretag\" href=\"https:\/\/radiocomercial.cv\/?p=2316\">+ Read More<\/a>","category_list":"<a href=\"https:\/\/radiocomercial.cv\/?cat=6\" rel=\"category\">Noticias<\/a>","comments_num":"0 comments","_links":{"self":[{"href":"https:\/\/radiocomercial.cv\/index.php?rest_route=\/wp\/v2\/posts\/2316","targetHints":{"allow":["GET"]}}],"collection":[{"href":"https:\/\/radiocomercial.cv\/index.php?rest_route=\/wp\/v2\/posts"}],"about":[{"href":"https:\/\/radiocomercial.cv\/index.php?rest_route=\/wp\/v2\/types\/post"}],"author":[{"embeddable":true,"href":"https:\/\/radiocomercial.cv\/index.php?rest_route=\/wp\/v2\/users\/2"}],"replies":[{"embeddable":true,"href":"https:\/\/radiocomercial.cv\/index.php?rest_route=%2Fwp%2Fv2%2Fcomments&post=2316"}],"version-history":[{"count":1,"href":"https:\/\/radiocomercial.cv\/index.php?rest_route=\/wp\/v2\/posts\/2316\/revisions"}],"predecessor-version":[{"id":2318,"href":"https:\/\/radiocomercial.cv\/index.php?rest_route=\/wp\/v2\/posts\/2316\/revisions\/2318"}],"wp:featuredmedia":[{"embeddable":true,"href":"https:\/\/radiocomercial.cv\/index.php?rest_route=\/wp\/v2\/media\/2317"}],"wp:attachment":[{"href":"https:\/\/radiocomercial.cv\/index.php?rest_route=%2Fwp%2Fv2%2Fmedia&parent=2316"}],"wp:term":[{"taxonomy":"category","embeddable":true,"href":"https:\/\/radiocomercial.cv\/index.php?rest_route=%2Fwp%2Fv2%2Fcategories&post=2316"},{"taxonomy":"post_tag","embeddable":true,"href":"https:\/\/radiocomercial.cv\/index.php?rest_route=%2Fwp%2Fv2%2Ftags&post=2316"}],"curies":[{"name":"wp","href":"https:\/\/api.w.org\/{rel}","templated":true}]}}