{"id":2319,"date":"2025-08-18T18:55:23","date_gmt":"2025-08-18T18:55:23","guid":{"rendered":"https:\/\/radiocomercial.cv\/?p=2319"},"modified":"2025-08-18T18:55:24","modified_gmt":"2025-08-18T18:55:24","slug":"cabo-verde-airports-canaliza-apoio-do-festival-da-baia-das-gatas-para-vitimas-da-tempestade-em-sao-vicente","status":"publish","type":"post","link":"https:\/\/radiocomercial.cv\/?p=2319","title":{"rendered":"Cabo Verde Airports canaliza apoio do Festival da Ba\u00eda das Gatas para v\u00edtimas da tempestade em S\u00e3o Vicente"},"content":{"rendered":"\n<p><strong>A Cabo Verde Airports decidiu direcionar para a\u00e7\u00f5es de solidariedade o valor que estava destinado ao apoio \u00e0 realiza\u00e7\u00e3o do Festival da Ba\u00eda das Gatas. A verba ser\u00e1 aplicada no aux\u00edlio \u00e0s fam\u00edlias de S\u00e3o Vicente afectadas pela tempestade de 11 de Agosto, atrav\u00e9s de entidades competentes e cred\u00edveis no terreno.<\/strong><\/p>\n\n\n\n<p>\u201cA Cabo Verde Airports, membro do Grupo VINCI, decidiu direcionar para a\u00e7\u00f5es de solidariedade o valor que estava destinado ao apoio \u00e0 realiza\u00e7\u00e3o do Festival da Ba\u00eda das Gatas. A verba ser\u00e1 aplicada no aux\u00edlio \u00e0s fam\u00edlias de S\u00e3o Vicente, duramente afetadas pela tempestade de 11 de Agosto, atrav\u00e9s de entidades competentes e cred\u00edveis no terreno\u201dl\u00ea-se num comunicado divulgado hoje.<\/p>\n\n\n\n<p>A empresa refere que associa-se ainda \u00e0 campanha SOS Soncent, mobilizando colaboradores em todas as ilhas onde est\u00e1 presente para a recolha de bens de primeira necessidade, avan\u00e7a Expresso das ilhas.<\/p>\n\n\n\n<p>Um n\u00famero significativo de colaboradores da empresa decidiu doar 1% da sua remunera\u00e7\u00e3o base de Agosto em prol das v\u00edtimas, conforme a mesma fonte.<\/p>\n","protected":false},"excerpt":{"rendered":"<p>A Cabo Verde Airports decidiu direcionar para a\u00e7\u00f5es de solidariedade o valor que estava destinado ao apoio \u00e0 realiza\u00e7\u00e3o do Festival da Ba\u00eda das Gatas. A verba ser\u00e1 aplicada no aux\u00edlio \u00e0s fam\u00edlias de S\u00e3o Vicente afectadas pela tempestade de 11 de Agosto, atrav\u00e9s de entidades competentes e cred\u00edveis no terreno. \u201cA Cabo Verde Airports,<br \/><a class=\"moretag\" href=\"https:\/\/radiocomercial.cv\/?p=2319\">+ Read More<\/a><\/p>\n","protected":false},"author":2,"featured_media":2320,"comment_status":"open","ping_status":"open","sticky":false,"template":"","format":"standard","meta":{"footnotes":""},"categories":[6],"tags":[],"class_list":["post-2319","post","type-post","status-publish","format-standard","has-post-thumbnail","hentry","category-noticias"],"featured_image_src":"https:\/\/radiocomercial.cv\/wp-content\/uploads\/2025\/08\/Cabo-Verde-Airports-canaliza-apoio-do-Festival-da-Baia-das-Gatas-para-vitimas-da-tempestade-em-Sao-Vicente.jpeg","featured_image_src_square":"https:\/\/radiocomercial.cv\/wp-content\/uploads\/2025\/08\/Cabo-Verde-Airports-canaliza-apoio-do-Festival-da-Baia-das-Gatas-para-vitimas-da-tempestade-em-Sao-Vicente.jpeg","author_info":{"display_name":"Radio Comercial","author_link":"https:\/\/radiocomercial.cv\/?author=2"},"rbea_author_info":{"display_name":"Radio Comercial","author_link":"https:\/\/radiocomercial.cv\/?author=2"},"rbea_excerpt_info":"A Cabo Verde Airports decidiu direcionar para a\u00e7\u00f5es de solidariedade o valor que estava destinado ao apoio \u00e0 realiza\u00e7\u00e3o do Festival da Ba\u00eda das Gatas. A verba ser\u00e1 aplicada no aux\u00edlio \u00e0s fam\u00edlias de S\u00e3o Vicente afectadas pela tempestade de 11 de Agosto, atrav\u00e9s de entidades competentes e cred\u00edveis no terreno. \u201cA Cabo Verde Airports,<br><a class=\"moretag\" href=\"https:\/\/radiocomercial.cv\/?p=2319\">+ Read More<\/a>","category_list":"<a href=\"https:\/\/radiocomercial.cv\/?cat=6\" rel=\"category\">Noticias<\/a>","comments_num":"0 comments","_links":{"self":[{"href":"https:\/\/radiocomercial.cv\/index.php?rest_route=\/wp\/v2\/posts\/2319","targetHints":{"allow":["GET"]}}],"collection":[{"href":"https:\/\/radiocomercial.cv\/index.php?rest_route=\/wp\/v2\/posts"}],"about":[{"href":"https:\/\/radiocomercial.cv\/index.php?rest_route=\/wp\/v2\/types\/post"}],"author":[{"embeddable":true,"href":"https:\/\/radiocomercial.cv\/index.php?rest_route=\/wp\/v2\/users\/2"}],"replies":[{"embeddable":true,"href":"https:\/\/radiocomercial.cv\/index.php?rest_route=%2Fwp%2Fv2%2Fcomments&post=2319"}],"version-history":[{"count":1,"href":"https:\/\/radiocomercial.cv\/index.php?rest_route=\/wp\/v2\/posts\/2319\/revisions"}],"predecessor-version":[{"id":2321,"href":"https:\/\/radiocomercial.cv\/index.php?rest_route=\/wp\/v2\/posts\/2319\/revisions\/2321"}],"wp:featuredmedia":[{"embeddable":true,"href":"https:\/\/radiocomercial.cv\/index.php?rest_route=\/wp\/v2\/media\/2320"}],"wp:attachment":[{"href":"https:\/\/radiocomercial.cv\/index.php?rest_route=%2Fwp%2Fv2%2Fmedia&parent=2319"}],"wp:term":[{"taxonomy":"category","embeddable":true,"href":"https:\/\/radiocomercial.cv\/index.php?rest_route=%2Fwp%2Fv2%2Fcategories&post=2319"},{"taxonomy":"post_tag","embeddable":true,"href":"https:\/\/radiocomercial.cv\/index.php?rest_route=%2Fwp%2Fv2%2Ftags&post=2319"}],"curies":[{"name":"wp","href":"https:\/\/api.w.org\/{rel}","templated":true}]}}