{"id":2322,"date":"2025-08-20T19:03:50","date_gmt":"2025-08-20T19:03:50","guid":{"rendered":"https:\/\/radiocomercial.cv\/?p=2322"},"modified":"2025-08-20T19:03:51","modified_gmt":"2025-08-20T19:03:51","slug":"assol-garcia-com-concertos-no-mindelo-e-na-cidade-praia-em-setembro","status":"publish","type":"post","link":"https:\/\/radiocomercial.cv\/?p=2322","title":{"rendered":"\u200bAssol Garcia com concertos no Mindelo e na Cidade Praia em Setembro"},"content":{"rendered":"\n<p><strong>A cantora cabo-verdiana, Assol Garcia, que reside actualmente nos Estados Unidos da Am\u00e9rica, tem agendado dois concertos em Cabo Verde, no m\u00eas de Setembro.<\/strong><\/p>\n\n\n\n<p>O primeiro concerto ser\u00e1 no dia 19 de Setembro, no Mansa Marina, na cidade do Mindelo e o segundo no dia 20, no Audit\u00f3rio Jorge Barbosa, na cidade da Praia. No concerto, na cidade da Praia, a cantora ter\u00e1 como convidada a companhia de dan\u00e7a Raiz di Polon.<\/p>\n\n\n\n<p>Os dois concertos estavam inicialmente previstos para este m\u00eas de Agosto, mas foram adiados em&nbsp;solidariedade para com o povo de S\u00e3o Vicente, mas tamb\u00e9m, com base em crit\u00e9rios de seguran\u00e7a para o p\u00fablico, artistas e toda a envolv\u00eancia.<\/p>\n\n\n\n<p>Segundo uma nota da SV TUR, esta decis\u00e3o foi tomada&nbsp;com base nos crit\u00e9rios de seguran\u00e7a para o p\u00fablico, artistas e todos os envolvidos no evento.&nbsp;\u201cLevando em considera\u00e7\u00e3o o impacto das fortes chuvas registradas na semana anterior em S\u00e3o Vicente, entendemos ser prudente adiar o evento para evitar quaisquer imprevistos\u201d.&nbsp;<\/p>\n\n\n\n<p>A SV TUR pede desculpas pelo transtorno e agradece a compreens\u00e3o de todos. \u201cFiquem atentos \u00e0s actualiza\u00e7\u00f5es em nossas redes sociais e canais oficiais para mais informa\u00e7\u00f5es\u201d.<\/p>\n\n\n\n<p>A sua p\u00e1gina na rede social, Assol Garcia, escreve que este \u00e9 um momento de solidariedade para com o povo de S\u00e3o Vicente \u00e9 um momento de muita reflex\u00e3o. \u201cPor isso, o concerto que seria dia 23 de Agosto foi reagendado\u201d.&nbsp;&nbsp;<\/p>\n","protected":false},"excerpt":{"rendered":"<p>A cantora cabo-verdiana, Assol Garcia, que reside actualmente nos Estados Unidos da Am\u00e9rica, tem agendado dois concertos em Cabo Verde, no m\u00eas de Setembro. O primeiro concerto ser\u00e1 no dia 19 de Setembro, no Mansa Marina, na cidade do Mindelo e o segundo no dia 20, no Audit\u00f3rio Jorge Barbosa, na cidade da Praia. No<br \/><a class=\"moretag\" href=\"https:\/\/radiocomercial.cv\/?p=2322\">+ Read More<\/a><\/p>\n","protected":false},"author":2,"featured_media":2323,"comment_status":"open","ping_status":"open","sticky":false,"template":"","format":"standard","meta":{"footnotes":""},"categories":[6],"tags":[],"class_list":["post-2322","post","type-post","status-publish","format-standard","has-post-thumbnail","hentry","category-noticias"],"featured_image_src":"https:\/\/radiocomercial.cv\/wp-content\/uploads\/2025\/08\/Assol-Gracia-concerto-em-setembro-2025.jpeg","featured_image_src_square":"https:\/\/radiocomercial.cv\/wp-content\/uploads\/2025\/08\/Assol-Gracia-concerto-em-setembro-2025.jpeg","author_info":{"display_name":"Radio Comercial","author_link":"https:\/\/radiocomercial.cv\/?author=2"},"rbea_author_info":{"display_name":"Radio Comercial","author_link":"https:\/\/radiocomercial.cv\/?author=2"},"rbea_excerpt_info":"A cantora cabo-verdiana, Assol Garcia, que reside actualmente nos Estados Unidos da Am\u00e9rica, tem agendado dois concertos em Cabo Verde, no m\u00eas de Setembro. O primeiro concerto ser\u00e1 no dia 19 de Setembro, no Mansa Marina, na cidade do Mindelo e o segundo no dia 20, no Audit\u00f3rio Jorge Barbosa, na cidade da Praia. No<br><a class=\"moretag\" href=\"https:\/\/radiocomercial.cv\/?p=2322\">+ Read More<\/a>","category_list":"<a href=\"https:\/\/radiocomercial.cv\/?cat=6\" rel=\"category\">Noticias<\/a>","comments_num":"0 comments","_links":{"self":[{"href":"https:\/\/radiocomercial.cv\/index.php?rest_route=\/wp\/v2\/posts\/2322","targetHints":{"allow":["GET"]}}],"collection":[{"href":"https:\/\/radiocomercial.cv\/index.php?rest_route=\/wp\/v2\/posts"}],"about":[{"href":"https:\/\/radiocomercial.cv\/index.php?rest_route=\/wp\/v2\/types\/post"}],"author":[{"embeddable":true,"href":"https:\/\/radiocomercial.cv\/index.php?rest_route=\/wp\/v2\/users\/2"}],"replies":[{"embeddable":true,"href":"https:\/\/radiocomercial.cv\/index.php?rest_route=%2Fwp%2Fv2%2Fcomments&post=2322"}],"version-history":[{"count":1,"href":"https:\/\/radiocomercial.cv\/index.php?rest_route=\/wp\/v2\/posts\/2322\/revisions"}],"predecessor-version":[{"id":2324,"href":"https:\/\/radiocomercial.cv\/index.php?rest_route=\/wp\/v2\/posts\/2322\/revisions\/2324"}],"wp:featuredmedia":[{"embeddable":true,"href":"https:\/\/radiocomercial.cv\/index.php?rest_route=\/wp\/v2\/media\/2323"}],"wp:attachment":[{"href":"https:\/\/radiocomercial.cv\/index.php?rest_route=%2Fwp%2Fv2%2Fmedia&parent=2322"}],"wp:term":[{"taxonomy":"category","embeddable":true,"href":"https:\/\/radiocomercial.cv\/index.php?rest_route=%2Fwp%2Fv2%2Fcategories&post=2322"},{"taxonomy":"post_tag","embeddable":true,"href":"https:\/\/radiocomercial.cv\/index.php?rest_route=%2Fwp%2Fv2%2Ftags&post=2322"}],"curies":[{"name":"wp","href":"https:\/\/api.w.org\/{rel}","templated":true}]}}