{"id":2325,"date":"2025-08-21T18:22:37","date_gmt":"2025-08-21T18:22:37","guid":{"rendered":"https:\/\/radiocomercial.cv\/?p=2325"},"modified":"2025-08-21T18:22:39","modified_gmt":"2025-08-21T18:22:39","slug":"insp-apela-a-prevencao-de-doencas-com-a-chegada-das-chuvas","status":"publish","type":"post","link":"https:\/\/radiocomercial.cv\/?p=2325","title":{"rendered":"INSP apela \u00e0 preven\u00e7\u00e3o de doen\u00e7as com a chegada das chuvas"},"content":{"rendered":"\n<p><strong>A presidente do Instituto Nacional de Sa\u00fade P\u00fablica (INSP) disse nesta quinta-feira, 21, que com a chegada das chuvas h\u00e1 riscos de prolifera\u00e7\u00e3o de doen\u00e7as, por isso, apela o refor\u00e7o de medidas por parte das pessoas.<\/strong><\/p>\n\n\n\n<p>Maria Luz Lima Mendon\u00e7a afirma que, a n\u00edvel do INSP, juntamente com os servi\u00e7os de sa\u00fade, antecipadamente j\u00e1 come\u00e7aram a fazer uma chamada de aten\u00e7\u00e3o para as medidas preventivas relacionadas \u00e0 exist\u00eancia de focos de mosquitos.<\/p>\n\n\n\n<p>Na mesma linha, disse que neste momento n\u00e3o h\u00e1 casos de dengue nem de paludismo no pa\u00eds, mas lembra que Cabo Verde recebe frequentemente casos importados de zonas end\u00e9micas, o que pode favorecer a transmiss\u00e3o interna das doen\u00e7as.<\/p>\n\n\n\n<p>Por isso, recomendou a utiliza\u00e7\u00e3o de redes mosquiteiras, roupas claras, de prefer\u00eancia de manga comprida, que as pessoas tenham cuidado em casa e evitem \u00e1gua parada.<\/p>\n\n\n\n<p>Em rela\u00e7\u00e3o \u00e0 situa\u00e7\u00e3o da ilha de S\u00e3o Vicente, mostrou-se alguma preocupa\u00e7\u00e3o relacionada com os res\u00edduos s\u00f3lidos e a contamina\u00e7\u00e3o da \u00e1gua pot\u00e1vel.<\/p>\n\n\n\n<p>\u201cPor isso, \u00e9 muito importante que rapidamente as condi\u00e7\u00f5es de saneamento em S\u00e3o Vicente sejam melhoradas, para que depois a sa\u00fade n\u00e3o tenha muitas doen\u00e7as\u201d, frisa.<\/p>\n\n\n\n<p>Apesar de garantir que, a n\u00edvel do sector da sa\u00fade est\u00e3o com um plano de resposta para eventual aumento de casos, inclusive com o cen\u00e1rio de hospitais de campanha se necess\u00e1rio, com quantidade de estoques de medicamentos, reagentes para laborat\u00f3rios consum\u00edveis.<\/p>\n\n\n\n<p>\u201cO sector da sa\u00fade est\u00e1 preparado, mas n\u00e3o queremos que as pessoas adoe\u00e7am, ent\u00e3o a preven\u00e7\u00e3o \u00e9 a principal arma, o acesso \u00e0 \u00e1gua pot\u00e1vel \u00e9 fundamental\u201d, assegura.<\/p>\n\n\n\n<p>Maria Luz Lima Mendon\u00e7a recomenda \u00e0 popula\u00e7\u00e3o de S\u00e3o Vicente a ferver \u00e1gua antes de consumir, a lavar as m\u00e3os, para evitar o surto de doen\u00e7as, avan\u00e7a Expresso das ilhas.<\/p>\n\n\n\n<p>A presidente do INPS destaca a import\u00e2ncia de r\u00e1pida interven\u00e7\u00e3o das autoridades municipais e nacionais na melhoria de condi\u00e7\u00f5es de saneamento na ilha de Monte Cara.<\/p>\n","protected":false},"excerpt":{"rendered":"<p>A presidente do Instituto Nacional de Sa\u00fade P\u00fablica (INSP) disse nesta quinta-feira, 21, que com a chegada das chuvas h\u00e1 riscos de prolifera\u00e7\u00e3o de doen\u00e7as, por isso, apela o refor\u00e7o de medidas por parte das pessoas. Maria Luz Lima Mendon\u00e7a afirma que, a n\u00edvel do INSP, juntamente com os servi\u00e7os de sa\u00fade, antecipadamente j\u00e1 come\u00e7aram<br \/><a class=\"moretag\" href=\"https:\/\/radiocomercial.cv\/?p=2325\">+ Read More<\/a><\/p>\n","protected":false},"author":2,"featured_media":2326,"comment_status":"open","ping_status":"open","sticky":false,"template":"","format":"standard","meta":{"footnotes":""},"categories":[6],"tags":[],"class_list":["post-2325","post","type-post","status-publish","format-standard","has-post-thumbnail","hentry","category-noticias"],"featured_image_src":"https:\/\/radiocomercial.cv\/wp-content\/uploads\/2025\/08\/INSP-apela-a-prevencao-de-doencas-com-a-chegada-das-chuvas.jpeg","featured_image_src_square":"https:\/\/radiocomercial.cv\/wp-content\/uploads\/2025\/08\/INSP-apela-a-prevencao-de-doencas-com-a-chegada-das-chuvas.jpeg","author_info":{"display_name":"Radio Comercial","author_link":"https:\/\/radiocomercial.cv\/?author=2"},"rbea_author_info":{"display_name":"Radio Comercial","author_link":"https:\/\/radiocomercial.cv\/?author=2"},"rbea_excerpt_info":"A presidente do Instituto Nacional de Sa\u00fade P\u00fablica (INSP) disse nesta quinta-feira, 21, que com a chegada das chuvas h\u00e1 riscos de prolifera\u00e7\u00e3o de doen\u00e7as, por isso, apela o refor\u00e7o de medidas por parte das pessoas. Maria Luz Lima Mendon\u00e7a afirma que, a n\u00edvel do INSP, juntamente com os servi\u00e7os de sa\u00fade, antecipadamente j\u00e1 come\u00e7aram<br><a class=\"moretag\" href=\"https:\/\/radiocomercial.cv\/?p=2325\">+ Read More<\/a>","category_list":"<a href=\"https:\/\/radiocomercial.cv\/?cat=6\" rel=\"category\">Noticias<\/a>","comments_num":"0 comments","_links":{"self":[{"href":"https:\/\/radiocomercial.cv\/index.php?rest_route=\/wp\/v2\/posts\/2325","targetHints":{"allow":["GET"]}}],"collection":[{"href":"https:\/\/radiocomercial.cv\/index.php?rest_route=\/wp\/v2\/posts"}],"about":[{"href":"https:\/\/radiocomercial.cv\/index.php?rest_route=\/wp\/v2\/types\/post"}],"author":[{"embeddable":true,"href":"https:\/\/radiocomercial.cv\/index.php?rest_route=\/wp\/v2\/users\/2"}],"replies":[{"embeddable":true,"href":"https:\/\/radiocomercial.cv\/index.php?rest_route=%2Fwp%2Fv2%2Fcomments&post=2325"}],"version-history":[{"count":1,"href":"https:\/\/radiocomercial.cv\/index.php?rest_route=\/wp\/v2\/posts\/2325\/revisions"}],"predecessor-version":[{"id":2327,"href":"https:\/\/radiocomercial.cv\/index.php?rest_route=\/wp\/v2\/posts\/2325\/revisions\/2327"}],"wp:featuredmedia":[{"embeddable":true,"href":"https:\/\/radiocomercial.cv\/index.php?rest_route=\/wp\/v2\/media\/2326"}],"wp:attachment":[{"href":"https:\/\/radiocomercial.cv\/index.php?rest_route=%2Fwp%2Fv2%2Fmedia&parent=2325"}],"wp:term":[{"taxonomy":"category","embeddable":true,"href":"https:\/\/radiocomercial.cv\/index.php?rest_route=%2Fwp%2Fv2%2Fcategories&post=2325"},{"taxonomy":"post_tag","embeddable":true,"href":"https:\/\/radiocomercial.cv\/index.php?rest_route=%2Fwp%2Fv2%2Ftags&post=2325"}],"curies":[{"name":"wp","href":"https:\/\/api.w.org\/{rel}","templated":true}]}}