{"id":2328,"date":"2025-08-29T16:24:19","date_gmt":"2025-08-29T16:24:19","guid":{"rendered":"https:\/\/radiocomercial.cv\/?p=2328"},"modified":"2025-08-29T16:24:21","modified_gmt":"2025-08-29T16:24:21","slug":"produtora-cultural-celebra-50-anos-com-desfile-inclusivo-na-praia","status":"publish","type":"post","link":"https:\/\/radiocomercial.cv\/?p=2328","title":{"rendered":"Produtora cultural celebra 50 anos com desfile inclusivo na Praia"},"content":{"rendered":"\n<p><strong>A produtora cultural Eloisa Morais comemora os seus 50 anos com um desfile de moda inclusivo intitulado \u201c50 anos de Solo\u201d, marcado para este s\u00e1bado, 30 de Agosto na Pra\u00e7a do Bairro Craveiro Lopes.<\/strong><\/p>\n\n\n\n<p>Em declara\u00e7\u00f5es \u00e0 Inforpress, explicou que a iniciativa em comemora\u00e7\u00e3o ao seu meio s\u00e9culo de vida \u00e9 tamb\u00e9m um retrato da sua traject\u00f3ria como produtora e promotora cultural.<\/p>\n\n\n\n<p>O desfile, segundo disse, vai contar com a participa\u00e7\u00e3o de 18 a 20 modelos, estilistas e colaboradores de Cabo Verde e da di\u00e1spora.<\/p>\n\n\n\n<p>O espet\u00e1culo est\u00e1 dividido em momentos tem\u00e1ticos, desde a recria\u00e7\u00e3o da vida cultural nos bairros, passando pelo retrato dos anos 60 em Cabo Verde e pela liga\u00e7\u00e3o \u00e0s tend\u00eancias internacionais da moda, at\u00e9 um segmento dedicado a vestidos de noiva.<\/p>\n\n\n\n<p>\u201cTamb\u00e9m fizemos uma introdu\u00e7\u00e3o sobre a hist\u00f3ria do bairro, os patrim\u00f3nios que ainda existem e a viv\u00eancia da comunidade. \u00c9 um desfile que conta hist\u00f3rias\u201d, sublinhou.<\/p>\n\n\n\n<p>A entrada \u00e9 livre, mas o p\u00fablico \u00e9 convidado a contribuir com um quilo de alimento a favor do povo de S\u00e3o Vicente, ilha mais afectada pela tempestade de 11 de Agosto, que provocou nove mortos.<\/p>\n\n\n\n<p>O evento arranca \u00e0s 20:00 com m\u00fasica ao vivo e prossegue \u00e0s 21:00 com o desfile principal.<\/p>\n\n\n\n<p>\u201c\u00c9 uma festa aberta, inclusiva, para mostrar que a moda cabo-verdiana sempre acompanhou o mundo, sem perder as suas ra\u00edzes\u201d, concluiu.<\/p>\n","protected":false},"excerpt":{"rendered":"<p>A produtora cultural Eloisa Morais comemora os seus 50 anos com um desfile de moda inclusivo intitulado \u201c50 anos de Solo\u201d, marcado para este s\u00e1bado, 30 de Agosto na Pra\u00e7a do Bairro Craveiro Lopes. Em declara\u00e7\u00f5es \u00e0 Inforpress, explicou que a iniciativa em comemora\u00e7\u00e3o ao seu meio s\u00e9culo de vida \u00e9 tamb\u00e9m um retrato da<br \/><a class=\"moretag\" href=\"https:\/\/radiocomercial.cv\/?p=2328\">+ Read More<\/a><\/p>\n","protected":false},"author":2,"featured_media":2329,"comment_status":"open","ping_status":"open","sticky":false,"template":"","format":"standard","meta":{"footnotes":""},"categories":[6],"tags":[],"class_list":["post-2328","post","type-post","status-publish","format-standard","has-post-thumbnail","hentry","category-noticias"],"featured_image_src":"https:\/\/radiocomercial.cv\/wp-content\/uploads\/2025\/08\/Produtora-cultural-celebra-50-anos-com-desfile-inclusivo-na-Praia-2025.jpg","featured_image_src_square":"https:\/\/radiocomercial.cv\/wp-content\/uploads\/2025\/08\/Produtora-cultural-celebra-50-anos-com-desfile-inclusivo-na-Praia-2025.jpg","author_info":{"display_name":"Radio Comercial","author_link":"https:\/\/radiocomercial.cv\/?author=2"},"rbea_author_info":{"display_name":"Radio Comercial","author_link":"https:\/\/radiocomercial.cv\/?author=2"},"rbea_excerpt_info":"A produtora cultural Eloisa Morais comemora os seus 50 anos com um desfile de moda inclusivo intitulado \u201c50 anos de Solo\u201d, marcado para este s\u00e1bado, 30 de Agosto na Pra\u00e7a do Bairro Craveiro Lopes. Em declara\u00e7\u00f5es \u00e0 Inforpress, explicou que a iniciativa em comemora\u00e7\u00e3o ao seu meio s\u00e9culo de vida \u00e9 tamb\u00e9m um retrato da<br><a class=\"moretag\" href=\"https:\/\/radiocomercial.cv\/?p=2328\">+ Read More<\/a>","category_list":"<a href=\"https:\/\/radiocomercial.cv\/?cat=6\" rel=\"category\">Noticias<\/a>","comments_num":"0 comments","_links":{"self":[{"href":"https:\/\/radiocomercial.cv\/index.php?rest_route=\/wp\/v2\/posts\/2328","targetHints":{"allow":["GET"]}}],"collection":[{"href":"https:\/\/radiocomercial.cv\/index.php?rest_route=\/wp\/v2\/posts"}],"about":[{"href":"https:\/\/radiocomercial.cv\/index.php?rest_route=\/wp\/v2\/types\/post"}],"author":[{"embeddable":true,"href":"https:\/\/radiocomercial.cv\/index.php?rest_route=\/wp\/v2\/users\/2"}],"replies":[{"embeddable":true,"href":"https:\/\/radiocomercial.cv\/index.php?rest_route=%2Fwp%2Fv2%2Fcomments&post=2328"}],"version-history":[{"count":1,"href":"https:\/\/radiocomercial.cv\/index.php?rest_route=\/wp\/v2\/posts\/2328\/revisions"}],"predecessor-version":[{"id":2330,"href":"https:\/\/radiocomercial.cv\/index.php?rest_route=\/wp\/v2\/posts\/2328\/revisions\/2330"}],"wp:featuredmedia":[{"embeddable":true,"href":"https:\/\/radiocomercial.cv\/index.php?rest_route=\/wp\/v2\/media\/2329"}],"wp:attachment":[{"href":"https:\/\/radiocomercial.cv\/index.php?rest_route=%2Fwp%2Fv2%2Fmedia&parent=2328"}],"wp:term":[{"taxonomy":"category","embeddable":true,"href":"https:\/\/radiocomercial.cv\/index.php?rest_route=%2Fwp%2Fv2%2Fcategories&post=2328"},{"taxonomy":"post_tag","embeddable":true,"href":"https:\/\/radiocomercial.cv\/index.php?rest_route=%2Fwp%2Fv2%2Ftags&post=2328"}],"curies":[{"name":"wp","href":"https:\/\/api.w.org\/{rel}","templated":true}]}}