{"id":2458,"date":"2025-12-02T12:46:07","date_gmt":"2025-12-02T12:46:07","guid":{"rendered":"https:\/\/radiocomercial.cv\/?p=2458"},"modified":"2025-12-02T12:46:08","modified_gmt":"2025-12-02T12:46:08","slug":"filme-sodade-ja-esta-disponivel-na-plataforma-vimeo","status":"publish","type":"post","link":"https:\/\/radiocomercial.cv\/?p=2458","title":{"rendered":"Filme \u201cSodade\u201d j\u00e1 est\u00e1 dispon\u00edvel na plataforma Vimeo"},"content":{"rendered":"\n<p><strong>A obra cinematogr\u00e1fica &#8220;Sodade&#8221;, que teve sua estreia em 2024 em Cabo Verde, Portugal, Angola e Mo\u00e7ambique, encontra-se agora dispon\u00edvel mundialmente pela plataforma Vimeo On Demand.<\/strong><\/p>\n\n\n\n<p>O filme j\u00e1 foi seleccionado para o Festival Internacional de Cinema de Abuja, onde recebeu duas nomea\u00e7\u00f5es, incluindo Melhor Trilha Sonora. Al\u00e9m disso, foi nomeado em festivais nos Estados Unidos da Am\u00e9rica, Nig\u00e9ria e \u00c1frica do Sul.<\/p>\n\n\n\n<p>Com a realiza\u00e7\u00e3o e roteiro da cabo-verdiana Sarah Grace, que vive nos Estados Unidos h\u00e1 mais de 15 anos, o filme explora temas profundos como amor, trai\u00e7\u00e3o e \u00f3dio, atrav\u00e9s da hist\u00f3ria de personagens que vivem os desafios e dilemas da di\u00e1spora, avan\u00e7a Expresso das ilhas.<\/p>\n\n\n\n<p>Filmado nas belas e impactantes paisagens vulc\u00e2nicas da ilha do Fogo, \u201cSodade\u201d destaca-se pela sua cinematografia impressionante e por captar a ess\u00eancia da cultura e do esp\u00edrito cabo-verdianos.&nbsp;<\/p>\n","protected":false},"excerpt":{"rendered":"<p>A obra cinematogr\u00e1fica &#8220;Sodade&#8221;, que teve sua estreia em 2024 em Cabo Verde, Portugal, Angola e Mo\u00e7ambique, encontra-se agora dispon\u00edvel mundialmente pela plataforma Vimeo On Demand. O filme j\u00e1 foi seleccionado para o Festival Internacional de Cinema de Abuja, onde recebeu duas nomea\u00e7\u00f5es, incluindo Melhor Trilha Sonora. Al\u00e9m disso, foi nomeado em festivais nos Estados<br \/><a class=\"moretag\" href=\"https:\/\/radiocomercial.cv\/?p=2458\">+ Read More<\/a><\/p>\n","protected":false},"author":2,"featured_media":2459,"comment_status":"open","ping_status":"open","sticky":false,"template":"","format":"standard","meta":{"footnotes":""},"categories":[6],"tags":[],"class_list":["post-2458","post","type-post","status-publish","format-standard","has-post-thumbnail","hentry","category-noticias"],"featured_image_src":"https:\/\/radiocomercial.cv\/wp-content\/uploads\/2025\/12\/Filme-Sodade-ja-esta-disponivel-na-plataforma-Vimeo-2025.jpeg","featured_image_src_square":"https:\/\/radiocomercial.cv\/wp-content\/uploads\/2025\/12\/Filme-Sodade-ja-esta-disponivel-na-plataforma-Vimeo-2025.jpeg","author_info":{"display_name":"Radio Comercial","author_link":"https:\/\/radiocomercial.cv\/?author=2"},"rbea_author_info":{"display_name":"Radio Comercial","author_link":"https:\/\/radiocomercial.cv\/?author=2"},"rbea_excerpt_info":"A obra cinematogr\u00e1fica &#8220;Sodade&#8221;, que teve sua estreia em 2024 em Cabo Verde, Portugal, Angola e Mo\u00e7ambique, encontra-se agora dispon\u00edvel mundialmente pela plataforma Vimeo On Demand. O filme j\u00e1 foi seleccionado para o Festival Internacional de Cinema de Abuja, onde recebeu duas nomea\u00e7\u00f5es, incluindo Melhor Trilha Sonora. Al\u00e9m disso, foi nomeado em festivais nos Estados<br><a class=\"moretag\" href=\"https:\/\/radiocomercial.cv\/?p=2458\">+ Read More<\/a>","category_list":"<a href=\"https:\/\/radiocomercial.cv\/?cat=6\" rel=\"category\">Noticias<\/a>","comments_num":"0 comments","_links":{"self":[{"href":"https:\/\/radiocomercial.cv\/index.php?rest_route=\/wp\/v2\/posts\/2458","targetHints":{"allow":["GET"]}}],"collection":[{"href":"https:\/\/radiocomercial.cv\/index.php?rest_route=\/wp\/v2\/posts"}],"about":[{"href":"https:\/\/radiocomercial.cv\/index.php?rest_route=\/wp\/v2\/types\/post"}],"author":[{"embeddable":true,"href":"https:\/\/radiocomercial.cv\/index.php?rest_route=\/wp\/v2\/users\/2"}],"replies":[{"embeddable":true,"href":"https:\/\/radiocomercial.cv\/index.php?rest_route=%2Fwp%2Fv2%2Fcomments&post=2458"}],"version-history":[{"count":1,"href":"https:\/\/radiocomercial.cv\/index.php?rest_route=\/wp\/v2\/posts\/2458\/revisions"}],"predecessor-version":[{"id":2460,"href":"https:\/\/radiocomercial.cv\/index.php?rest_route=\/wp\/v2\/posts\/2458\/revisions\/2460"}],"wp:featuredmedia":[{"embeddable":true,"href":"https:\/\/radiocomercial.cv\/index.php?rest_route=\/wp\/v2\/media\/2459"}],"wp:attachment":[{"href":"https:\/\/radiocomercial.cv\/index.php?rest_route=%2Fwp%2Fv2%2Fmedia&parent=2458"}],"wp:term":[{"taxonomy":"category","embeddable":true,"href":"https:\/\/radiocomercial.cv\/index.php?rest_route=%2Fwp%2Fv2%2Fcategories&post=2458"},{"taxonomy":"post_tag","embeddable":true,"href":"https:\/\/radiocomercial.cv\/index.php?rest_route=%2Fwp%2Fv2%2Ftags&post=2458"}],"curies":[{"name":"wp","href":"https:\/\/api.w.org\/{rel}","templated":true}]}}