{"id":2461,"date":"2025-12-03T13:36:51","date_gmt":"2025-12-03T13:36:51","guid":{"rendered":"https:\/\/radiocomercial.cv\/?p=2461"},"modified":"2025-12-03T13:36:53","modified_gmt":"2025-12-03T13:36:53","slug":"cabo-verde-celebra-a-morna-com-actividades-culturais","status":"publish","type":"post","link":"https:\/\/radiocomercial.cv\/?p=2461","title":{"rendered":"Cabo Verde celebra a Morna com actividades culturais"},"content":{"rendered":"\n<p><strong>Assinala-se hoje, 3 de Dezembro, o Dia Nacional da Morna, data que ser\u00e1 marcada por algumas actividades em diferentes pontos do pa\u00eds.<\/strong><\/p>\n\n\n\n<p>Numa publica\u00e7\u00e3o nas redes sociais, o Governo destaca que a Morna, reconhecida como Patrim\u00f3nio Cultural Imaterial da Humanidade pela UNESCO, \u00e9 mais do que m\u00fasica: \u00e9 a pr\u00f3pria hist\u00f3ria do povo cabo-verdiano, dentro e fora das ilhas.<\/p>\n\n\n\n<p>Nesse sentido, o Executivo reafirma o seu compromisso com a valoriza\u00e7\u00e3o da Morna, atrav\u00e9s do Estatuto do Artista, do lan\u00e7amento de editais nacionais de arte e cultura, bem como da conserva\u00e7\u00e3o e promo\u00e7\u00e3o dos patrim\u00f3nios culturais e musicais.<\/p>\n\n\n\n<p>\u201cHoje celebramos a nossa m\u00fasica, os nossos artistas e o futuro da cultura musical cabo-verdiana\u201d, real\u00e7a o Governo.<\/p>\n\n\n\n<p>Em S\u00e3o Vicente, a data ser\u00e1 assinalada com o concerto de lan\u00e7amento do \u00e1lbum \u201c<em>Origem da Morna\u201d<\/em>, do m\u00fasico, compositor e guitarrista Voginha, esta sexta-feira, 5, no Centro Nacional de Arte, Artesanato e Design (CNAD).<\/p>\n\n\n\n<p>Ainda no \u00e2mbito das celebra\u00e7\u00f5es, na ilha do Sal, a C\u00e2mara Municipal promove esta sexta-feira, 5, a 10\u00aa edi\u00e7\u00e3o do Morna Jovem.<\/p>\n\n\n\n<p>Segundo a autarquia, este ano o evento ganha um brilho especial com a participa\u00e7\u00e3o de jovens talentos que marcaram presen\u00e7a em edi\u00e7\u00f5es anteriores, num desfile que exalta a Morna, a cultura e a identidade cabo-verdiana.<\/p>\n\n\n\n<p>Sob o lema&nbsp;<em>\u201c<\/em><em>Celebrando a nossa Morna na voz da Juventude\u201d<\/em>, o palco ser\u00e1 preenchido por vozes que representam o futuro desta express\u00e3o maior, homenageando a Morna enquanto Patrim\u00f3nio Cultural Imaterial da Humanidade.<\/p>\n\n\n\n<p>F\u00e1bio Ramos \u00e9 o artista convidado do evento, que contar\u00e1 ainda com as participa\u00e7\u00f5es especiais de Sara Teixeira, Edileide Ogun, Emely Lopes, Carolyn Tomar, Stefania Lopes, Geisa Gomes e Eduarda Rodrigues.<\/p>\n\n\n\n<p>Como acontece todos os anos, a Boa M\u00fasica, do s\u00f3cio-gerente J\u00falio do Ros\u00e1rio realiza o Morna Fest, que est\u00e1 j\u00e1 na sua 12\u00aa edi\u00e7\u00e3o e tem percorrido v\u00e1rias ilhas com actua\u00e7\u00f5es de artistas amantes da Morna, avan\u00e7a Expresso das ilhas.<\/p>\n\n\n\n<p>De recordar que o Dia Nacional da Morna foi institu\u00eddo em Fevereiro de 2018, data que assinala o nascimento do compositor e m\u00fasico Francisco Xavier da Cruz \u2013 B. Leza, ilustre figura que deixou marcas profundas na m\u00fasica cabo-verdiana, desde a sua \u00e9poca at\u00e9 \u00e0 actualidade.<\/p>\n\n\n\n<p>A 11 de Dezembro de 2019, a Morna foi oficialmente consagrada Patrim\u00f3nio Cultural Imaterial da Humanidade pela UNESCO.<\/p>\n","protected":false},"excerpt":{"rendered":"<p>Assinala-se hoje, 3 de Dezembro, o Dia Nacional da Morna, data que ser\u00e1 marcada por algumas actividades em diferentes pontos do pa\u00eds. Numa publica\u00e7\u00e3o nas redes sociais, o Governo destaca que a Morna, reconhecida como Patrim\u00f3nio Cultural Imaterial da Humanidade pela UNESCO, \u00e9 mais do que m\u00fasica: \u00e9 a pr\u00f3pria hist\u00f3ria do povo cabo-verdiano, dentro<br \/><a class=\"moretag\" href=\"https:\/\/radiocomercial.cv\/?p=2461\">+ Read More<\/a><\/p>\n","protected":false},"author":2,"featured_media":2462,"comment_status":"open","ping_status":"open","sticky":false,"template":"","format":"standard","meta":{"footnotes":""},"categories":[6],"tags":[],"class_list":["post-2461","post","type-post","status-publish","format-standard","has-post-thumbnail","hentry","category-noticias"],"featured_image_src":"https:\/\/radiocomercial.cv\/wp-content\/uploads\/2025\/12\/Cabo-Verde-celebra-a-Morna-com-actividades-culturais-2025.jpeg","featured_image_src_square":"https:\/\/radiocomercial.cv\/wp-content\/uploads\/2025\/12\/Cabo-Verde-celebra-a-Morna-com-actividades-culturais-2025.jpeg","author_info":{"display_name":"Radio Comercial","author_link":"https:\/\/radiocomercial.cv\/?author=2"},"rbea_author_info":{"display_name":"Radio Comercial","author_link":"https:\/\/radiocomercial.cv\/?author=2"},"rbea_excerpt_info":"Assinala-se hoje, 3 de Dezembro, o Dia Nacional da Morna, data que ser\u00e1 marcada por algumas actividades em diferentes pontos do pa\u00eds. Numa publica\u00e7\u00e3o nas redes sociais, o Governo destaca que a Morna, reconhecida como Patrim\u00f3nio Cultural Imaterial da Humanidade pela UNESCO, \u00e9 mais do que m\u00fasica: \u00e9 a pr\u00f3pria hist\u00f3ria do povo cabo-verdiano, dentro<br><a class=\"moretag\" href=\"https:\/\/radiocomercial.cv\/?p=2461\">+ Read More<\/a>","category_list":"<a href=\"https:\/\/radiocomercial.cv\/?cat=6\" rel=\"category\">Noticias<\/a>","comments_num":"0 comments","_links":{"self":[{"href":"https:\/\/radiocomercial.cv\/index.php?rest_route=\/wp\/v2\/posts\/2461","targetHints":{"allow":["GET"]}}],"collection":[{"href":"https:\/\/radiocomercial.cv\/index.php?rest_route=\/wp\/v2\/posts"}],"about":[{"href":"https:\/\/radiocomercial.cv\/index.php?rest_route=\/wp\/v2\/types\/post"}],"author":[{"embeddable":true,"href":"https:\/\/radiocomercial.cv\/index.php?rest_route=\/wp\/v2\/users\/2"}],"replies":[{"embeddable":true,"href":"https:\/\/radiocomercial.cv\/index.php?rest_route=%2Fwp%2Fv2%2Fcomments&post=2461"}],"version-history":[{"count":1,"href":"https:\/\/radiocomercial.cv\/index.php?rest_route=\/wp\/v2\/posts\/2461\/revisions"}],"predecessor-version":[{"id":2463,"href":"https:\/\/radiocomercial.cv\/index.php?rest_route=\/wp\/v2\/posts\/2461\/revisions\/2463"}],"wp:featuredmedia":[{"embeddable":true,"href":"https:\/\/radiocomercial.cv\/index.php?rest_route=\/wp\/v2\/media\/2462"}],"wp:attachment":[{"href":"https:\/\/radiocomercial.cv\/index.php?rest_route=%2Fwp%2Fv2%2Fmedia&parent=2461"}],"wp:term":[{"taxonomy":"category","embeddable":true,"href":"https:\/\/radiocomercial.cv\/index.php?rest_route=%2Fwp%2Fv2%2Fcategories&post=2461"},{"taxonomy":"post_tag","embeddable":true,"href":"https:\/\/radiocomercial.cv\/index.php?rest_route=%2Fwp%2Fv2%2Ftags&post=2461"}],"curies":[{"name":"wp","href":"https:\/\/api.w.org\/{rel}","templated":true}]}}