{"id":2474,"date":"2025-12-03T16:26:55","date_gmt":"2025-12-03T16:26:55","guid":{"rendered":"https:\/\/radiocomercial.cv\/?p=2474"},"modified":"2025-12-03T16:26:57","modified_gmt":"2025-12-03T16:26:57","slug":"iniciativa-banda-desenhada-palop-apresenta-novas-obras-em-cabo-verde","status":"publish","type":"post","link":"https:\/\/radiocomercial.cv\/?p=2474","title":{"rendered":"Iniciativa Banda Desenhada PALOP apresenta novas obras em Cabo Verde"},"content":{"rendered":"\n<p><strong>A iniciativa Banda Desenhada nos PALOP lan\u00e7a, na sexta-feira, 05, as obras vencedoras do seu terceiro concurso de banda desenhada, no Centro Cultural Portugu\u00eas da Praia e, na ter\u00e7a-feira, no Centro de Artesanato do Mindelo.<\/strong><\/p>\n\n\n\n<p>De acordo com uma nota da Banda Desenhada nos Pa\u00edses Africanos de L\u00edngua Portuguesa (PALOP), enviada \u00e0 Inforpress, o evento constitui o culminar de um processo de forma\u00e7\u00e3o intensiva, mentoria e interc\u00e2mbio art\u00edstico que reuniu autores de Angola, Cabo Verde e Mo\u00e7ambique, resultando em nove obras originais.<\/p>\n\n\n\n<p>Tais obras, acrescenta a mesma fonte, \u201creflectem a diversidade, as inquieta\u00e7\u00f5es e a criatividade da juventude dos Pa\u00edses Africanos de L\u00edngua Oficial Portuguesa\u201d.<\/p>\n\n\n\n<p>Conforme o mesmo documento, al\u00e9m de celebrar os resultados do programa, este duplo lan\u00e7amento reafirma os objectivos da BD PALOP, nomeadamente, divulgar, apoiar e catalisar o ecossistema de banda desenhada nos PALOP, promovendo uma cena cultural \u201csustent\u00e1vel e mais inclusiva\u201d.<\/p>\n\n\n\n<p>\u201cA iniciativa tamb\u00e9m se destaca por integrar uma pol\u00edtica de igualdade de g\u00e9nero, assegurando que pelo menos 50 por cento (%) das bolsas de cria\u00e7\u00e3o sejam atribu\u00eddas a mulheres\u201d, destacou a mesma fonte, refor\u00e7ando ainda que a organiza\u00e7\u00e3o pretende que a BD PALOP seja uma \u201cplataforma de express\u00e3o, rendimento e colabora\u00e7\u00e3o art\u00edstica internacional\u201d.<\/p>\n","protected":false},"excerpt":{"rendered":"<p>A iniciativa Banda Desenhada nos PALOP lan\u00e7a, na sexta-feira, 05, as obras vencedoras do seu terceiro concurso de banda desenhada, no Centro Cultural Portugu\u00eas da Praia e, na ter\u00e7a-feira, no Centro de Artesanato do Mindelo. De acordo com uma nota da Banda Desenhada nos Pa\u00edses Africanos de L\u00edngua Portuguesa (PALOP), enviada \u00e0 Inforpress, o evento<br \/><a class=\"moretag\" href=\"https:\/\/radiocomercial.cv\/?p=2474\">+ Read More<\/a><\/p>\n","protected":false},"author":2,"featured_media":2475,"comment_status":"open","ping_status":"open","sticky":false,"template":"","format":"standard","meta":{"footnotes":""},"categories":[6],"tags":[],"class_list":["post-2474","post","type-post","status-publish","format-standard","has-post-thumbnail","hentry","category-noticias"],"featured_image_src":"https:\/\/radiocomercial.cv\/wp-content\/uploads\/2025\/12\/BD_PALOP_1-2025.jpg","featured_image_src_square":"https:\/\/radiocomercial.cv\/wp-content\/uploads\/2025\/12\/BD_PALOP_1-2025.jpg","author_info":{"display_name":"Radio Comercial","author_link":"https:\/\/radiocomercial.cv\/?author=2"},"rbea_author_info":{"display_name":"Radio Comercial","author_link":"https:\/\/radiocomercial.cv\/?author=2"},"rbea_excerpt_info":"A iniciativa Banda Desenhada nos PALOP lan\u00e7a, na sexta-feira, 05, as obras vencedoras do seu terceiro concurso de banda desenhada, no Centro Cultural Portugu\u00eas da Praia e, na ter\u00e7a-feira, no Centro de Artesanato do Mindelo. De acordo com uma nota da Banda Desenhada nos Pa\u00edses Africanos de L\u00edngua Portuguesa (PALOP), enviada \u00e0 Inforpress, o evento<br><a class=\"moretag\" href=\"https:\/\/radiocomercial.cv\/?p=2474\">+ Read More<\/a>","category_list":"<a href=\"https:\/\/radiocomercial.cv\/?cat=6\" rel=\"category\">Noticias<\/a>","comments_num":"0 comments","_links":{"self":[{"href":"https:\/\/radiocomercial.cv\/index.php?rest_route=\/wp\/v2\/posts\/2474","targetHints":{"allow":["GET"]}}],"collection":[{"href":"https:\/\/radiocomercial.cv\/index.php?rest_route=\/wp\/v2\/posts"}],"about":[{"href":"https:\/\/radiocomercial.cv\/index.php?rest_route=\/wp\/v2\/types\/post"}],"author":[{"embeddable":true,"href":"https:\/\/radiocomercial.cv\/index.php?rest_route=\/wp\/v2\/users\/2"}],"replies":[{"embeddable":true,"href":"https:\/\/radiocomercial.cv\/index.php?rest_route=%2Fwp%2Fv2%2Fcomments&post=2474"}],"version-history":[{"count":1,"href":"https:\/\/radiocomercial.cv\/index.php?rest_route=\/wp\/v2\/posts\/2474\/revisions"}],"predecessor-version":[{"id":2476,"href":"https:\/\/radiocomercial.cv\/index.php?rest_route=\/wp\/v2\/posts\/2474\/revisions\/2476"}],"wp:featuredmedia":[{"embeddable":true,"href":"https:\/\/radiocomercial.cv\/index.php?rest_route=\/wp\/v2\/media\/2475"}],"wp:attachment":[{"href":"https:\/\/radiocomercial.cv\/index.php?rest_route=%2Fwp%2Fv2%2Fmedia&parent=2474"}],"wp:term":[{"taxonomy":"category","embeddable":true,"href":"https:\/\/radiocomercial.cv\/index.php?rest_route=%2Fwp%2Fv2%2Fcategories&post=2474"},{"taxonomy":"post_tag","embeddable":true,"href":"https:\/\/radiocomercial.cv\/index.php?rest_route=%2Fwp%2Fv2%2Ftags&post=2474"}],"curies":[{"name":"wp","href":"https:\/\/api.w.org\/{rel}","templated":true}]}}