{"id":2477,"date":"2025-12-04T12:37:15","date_gmt":"2025-12-04T12:37:15","guid":{"rendered":"https:\/\/radiocomercial.cv\/?p=2477"},"modified":"2025-12-04T12:37:16","modified_gmt":"2025-12-04T12:37:16","slug":"sao-filipe-acolhe-12-a-edicao-do-morna-fest-musica-rainha-di-nos-terra","status":"publish","type":"post","link":"https:\/\/radiocomercial.cv\/?p=2477","title":{"rendered":"S\u00e3o Filipe acolhe 12.\u00aa edi\u00e7\u00e3o do \u201cMorna Fest &#8211; m\u00fasica rainha di n\u00f4s terra\u201d"},"content":{"rendered":"\n<p><strong>A alameda de Cruz dos Passos, cidade de S\u00e3o Filipe, ser\u00e1 palco, no pr\u00f3ximo s\u00e1bado, 06 de Dezembro, da 12.\u00aa edi\u00e7\u00e3o do \u201cMorna Fest &#8211; m\u00fasica rainha di n\u00f4s terra\u201d.<\/strong><\/p>\n\n\n\n<p>O cartaz art\u00edstico desta edi\u00e7\u00e3o re\u00fane nomes da m\u00fasica cabo-verdiana como Natalino Gomes, Bertania Almeida, Solange Cesarovna, Calu Bana, Toi Vieira, Albertino \u00c9vora, Arlindo Rodrigues e M\u00e1rio Marta.<\/p>\n\n\n\n<p>A produ\u00e7\u00e3o e realiza\u00e7\u00e3o ficam a cargo de Boa M\u00fasica e da C\u00e2mara Municipal de S\u00e3o Filipe e a organiza\u00e7\u00e3o convida toda a popula\u00e7\u00e3o e visitantes a participarem nesta celebra\u00e7\u00e3o da \u201cMorna, a verdadeira rainha di n\u00f4s terra\u201d.<\/p>\n\n\n\n<p>\u00c9 a quarta vez consecutiva que o munic\u00edpio de S\u00e3o Filipe se associa ao festival que, de acordo com a autarquia, \u00e9 um dos \u201cmais importantes eventos\u201d dedicados \u00e0 preserva\u00e7\u00e3o e promo\u00e7\u00e3o da morna, patrim\u00f3nio cultural imaterial da humanidade.<\/p>\n\n\n\n<p>A entrada \u00e9 gratuita o que refor\u00e7a o car\u00e1cter inclusivo e comunit\u00e1rio do festival, de acordo com a mesma fonte.<\/p>\n\n\n\n<p>\u201cA morna, patrim\u00f3nio cultural imaterial da humanidade, \u00e9 mais do que m\u00fasica, \u00e9 identidade, mem\u00f3ria e alma de Cabo Verde. Representa a nossa hist\u00f3ria, os nossos sentimentos mais profundos e a maneira \u00fanica com que exprimimos saudade, amor e resist\u00eancia. Celebrar a morna \u00e9 celebrar aquilo que somos\u201d refere a nota.<\/p>\n\n\n\n<p>Para a c\u00e2mara, receber esta edi\u00e7\u00e3o do festival \u00e9 motivo de orgulho para S\u00e3o Filipe, que consolida o seu papel como um importante centro de cria\u00e7\u00e3o, valoriza\u00e7\u00e3o e difus\u00e3o do talento nacional e sublinha que a realiza\u00e7\u00e3o do festival no munic\u00edpio aproxima a comunidade das suas ra\u00edzes e promove um ambiente onde m\u00fasica, tradi\u00e7\u00e3o e emo\u00e7\u00e3o se unem num s\u00f3 palco, avan\u00e7a \u00e0 Inforpress.<\/p>\n\n\n\n<p>A edilidade de S\u00e3o Filipe reafirma o seu compromisso em continuar a trabalhar com parceiros, institui\u00e7\u00f5es, artistas e com toda a popula\u00e7\u00e3o na constru\u00e7\u00e3o de um munic\u00edpio \u201cvibrante, cultural, aberto e firmemente ligado \u00e0 sua identidade&#8221;.<\/p>\n","protected":false},"excerpt":{"rendered":"<p>A alameda de Cruz dos Passos, cidade de S\u00e3o Filipe, ser\u00e1 palco, no pr\u00f3ximo s\u00e1bado, 06 de Dezembro, da 12.\u00aa edi\u00e7\u00e3o do \u201cMorna Fest &#8211; m\u00fasica rainha di n\u00f4s terra\u201d. O cartaz art\u00edstico desta edi\u00e7\u00e3o re\u00fane nomes da m\u00fasica cabo-verdiana como Natalino Gomes, Bertania Almeida, Solange Cesarovna, Calu Bana, Toi Vieira, Albertino \u00c9vora, Arlindo Rodrigues<br \/><a class=\"moretag\" href=\"https:\/\/radiocomercial.cv\/?p=2477\">+ Read More<\/a><\/p>\n","protected":false},"author":2,"featured_media":2478,"comment_status":"open","ping_status":"open","sticky":false,"template":"","format":"standard","meta":{"footnotes":""},"categories":[6],"tags":[],"class_list":["post-2477","post","type-post","status-publish","format-standard","has-post-thumbnail","hentry","category-noticias"],"featured_image_src":"https:\/\/radiocomercial.cv\/wp-content\/uploads\/2025\/12\/Sao-Filipe-acolhe-12.a-edicao-do-Morna-Fest-musica-rainha-di-nos-terra-2025.jpeg","featured_image_src_square":"https:\/\/radiocomercial.cv\/wp-content\/uploads\/2025\/12\/Sao-Filipe-acolhe-12.a-edicao-do-Morna-Fest-musica-rainha-di-nos-terra-2025.jpeg","author_info":{"display_name":"Radio Comercial","author_link":"https:\/\/radiocomercial.cv\/?author=2"},"rbea_author_info":{"display_name":"Radio Comercial","author_link":"https:\/\/radiocomercial.cv\/?author=2"},"rbea_excerpt_info":"A alameda de Cruz dos Passos, cidade de S\u00e3o Filipe, ser\u00e1 palco, no pr\u00f3ximo s\u00e1bado, 06 de Dezembro, da 12.\u00aa edi\u00e7\u00e3o do \u201cMorna Fest &#8211; m\u00fasica rainha di n\u00f4s terra\u201d. O cartaz art\u00edstico desta edi\u00e7\u00e3o re\u00fane nomes da m\u00fasica cabo-verdiana como Natalino Gomes, Bertania Almeida, Solange Cesarovna, Calu Bana, Toi Vieira, Albertino \u00c9vora, Arlindo Rodrigues<br><a class=\"moretag\" href=\"https:\/\/radiocomercial.cv\/?p=2477\">+ Read More<\/a>","category_list":"<a href=\"https:\/\/radiocomercial.cv\/?cat=6\" rel=\"category\">Noticias<\/a>","comments_num":"0 comments","_links":{"self":[{"href":"https:\/\/radiocomercial.cv\/index.php?rest_route=\/wp\/v2\/posts\/2477","targetHints":{"allow":["GET"]}}],"collection":[{"href":"https:\/\/radiocomercial.cv\/index.php?rest_route=\/wp\/v2\/posts"}],"about":[{"href":"https:\/\/radiocomercial.cv\/index.php?rest_route=\/wp\/v2\/types\/post"}],"author":[{"embeddable":true,"href":"https:\/\/radiocomercial.cv\/index.php?rest_route=\/wp\/v2\/users\/2"}],"replies":[{"embeddable":true,"href":"https:\/\/radiocomercial.cv\/index.php?rest_route=%2Fwp%2Fv2%2Fcomments&post=2477"}],"version-history":[{"count":1,"href":"https:\/\/radiocomercial.cv\/index.php?rest_route=\/wp\/v2\/posts\/2477\/revisions"}],"predecessor-version":[{"id":2479,"href":"https:\/\/radiocomercial.cv\/index.php?rest_route=\/wp\/v2\/posts\/2477\/revisions\/2479"}],"wp:featuredmedia":[{"embeddable":true,"href":"https:\/\/radiocomercial.cv\/index.php?rest_route=\/wp\/v2\/media\/2478"}],"wp:attachment":[{"href":"https:\/\/radiocomercial.cv\/index.php?rest_route=%2Fwp%2Fv2%2Fmedia&parent=2477"}],"wp:term":[{"taxonomy":"category","embeddable":true,"href":"https:\/\/radiocomercial.cv\/index.php?rest_route=%2Fwp%2Fv2%2Fcategories&post=2477"},{"taxonomy":"post_tag","embeddable":true,"href":"https:\/\/radiocomercial.cv\/index.php?rest_route=%2Fwp%2Fv2%2Ftags&post=2477"}],"curies":[{"name":"wp","href":"https:\/\/api.w.org\/{rel}","templated":true}]}}